{"id":1028,"date":"2023-11-10T11:38:24","date_gmt":"2023-11-10T11:38:24","guid":{"rendered":"https:\/\/elsotanoanalogico.com\/?p=1028"},"modified":"2023-11-10T11:39:00","modified_gmt":"2023-11-10T11:39:00","slug":"voragine","status":"publish","type":"post","link":"https:\/\/elsotanoanalogico.com\/index.php\/2023\/11\/10\/voragine\/","title":{"rendered":"Vor\u00e1gine"},"content":{"rendered":"\n<p>&#8216;Vor\u00e1gine&#8217;, un concierto de <strong>Ignacio de la Lastra.<\/strong><\/p>\n\n\n\n<figure class=\"wp-block-image size-full is-style-default\"><img loading=\"lazy\" decoding=\"async\" width=\"720\" height=\"720\" src=\"https:\/\/elsotanoanalogico.com\/wp-content\/uploads\/2023\/11\/Ignaciodelastra2023.jpg\" alt=\"\" class=\"wp-image-1030\" srcset=\"https:\/\/elsotanoanalogico.com\/wp-content\/uploads\/2023\/11\/Ignaciodelastra2023.jpg 720w, https:\/\/elsotanoanalogico.com\/wp-content\/uploads\/2023\/11\/Ignaciodelastra2023-300x300.jpg 300w, https:\/\/elsotanoanalogico.com\/wp-content\/uploads\/2023\/11\/Ignaciodelastra2023-150x150.jpg 150w\" sizes=\"auto, (max-width: 720px) 100vw, 720px\" \/><\/figure>\n\n\n\n<p>Cuando un artista quiere expresar una inquietud interna surge el arte, la m\u00fasica y &#8216;Vor\u00e1gine&#8217;. Un amplio abanico de canciones donde la superaci\u00f3n personal, el amor o la vida son las absolutas protagonistas.&nbsp;<\/p>\n\n\n\n<p>&#8216;Vor\u00e1gine&#8217; es un concierto, que cuenta tambi\u00e9n con varios n\u00fameros de improvisaci\u00f3n de rimas, que lo convierte en un show din\u00e1mico donde el p\u00fablico forma parte activa del show.&nbsp;<\/p>\n\n\n\n<p>El concierto es el <strong>s\u00e1bado 18 de noviembre a las 20:00h<\/strong>, apertura de puertas a las 19:30h.<br><br>Consigue las entradas anticipadas con consumici\u00f3n incluida aqu\u00ed:<br><a href=\"https:\/\/entradium.com\/events\/voragine\" target=\"_blank\" rel=\"noreferrer noopener\">https:\/\/entradium.com\/events\/voragine<\/a><\/p>\n","protected":false},"excerpt":{"rendered":"<p>&#8216;Vor\u00e1gine&#8217;, un concierto de Ignacio de la Lastra. Cuando un artista quiere expresar una inquietud interna surge el arte, la m\u00fasica y &#8216;Vor\u00e1gine&#8217;. Un amplio abanico de canciones donde la [&hellip;]<\/p>\n","protected":false},"author":2,"featured_media":0,"comment_status":"closed","ping_status":"closed","sticky":false,"template":"","format":"standard","meta":{"footnotes":""},"categories":[12,1,15],"tags":[],"class_list":["post-1028","post","type-post","status-publish","format-standard","hentry","category-conciertos","category-general","category-recital"],"_links":{"self":[{"href":"https:\/\/elsotanoanalogico.com\/index.php\/wp-json\/wp\/v2\/posts\/1028","targetHints":{"allow":["GET"]}}],"collection":[{"href":"https:\/\/elsotanoanalogico.com\/index.php\/wp-json\/wp\/v2\/posts"}],"about":[{"href":"https:\/\/elsotanoanalogico.com\/index.php\/wp-json\/wp\/v2\/types\/post"}],"author":[{"embeddable":true,"href":"https:\/\/elsotanoanalogico.com\/index.php\/wp-json\/wp\/v2\/users\/2"}],"replies":[{"embeddable":true,"href":"https:\/\/elsotanoanalogico.com\/index.php\/wp-json\/wp\/v2\/comments?post=1028"}],"version-history":[{"count":2,"href":"https:\/\/elsotanoanalogico.com\/index.php\/wp-json\/wp\/v2\/posts\/1028\/revisions"}],"predecessor-version":[{"id":1031,"href":"https:\/\/elsotanoanalogico.com\/index.php\/wp-json\/wp\/v2\/posts\/1028\/revisions\/1031"}],"wp:attachment":[{"href":"https:\/\/elsotanoanalogico.com\/index.php\/wp-json\/wp\/v2\/media?parent=1028"}],"wp:term":[{"taxonomy":"category","embeddable":true,"href":"https:\/\/elsotanoanalogico.com\/index.php\/wp-json\/wp\/v2\/categories?post=1028"},{"taxonomy":"post_tag","embeddable":true,"href":"https:\/\/elsotanoanalogico.com\/index.php\/wp-json\/wp\/v2\/tags?post=1028"}],"curies":[{"name":"wp","href":"https:\/\/api.w.org\/{rel}","templated":true}]}}