{"id":1039,"date":"2023-11-10T11:59:53","date_gmt":"2023-11-10T11:59:53","guid":{"rendered":"https:\/\/elsotanoanalogico.com\/?p=1039"},"modified":"2023-11-10T11:59:53","modified_gmt":"2023-11-10T11:59:53","slug":"atencion","status":"publish","type":"post","link":"https:\/\/elsotanoanalogico.com\/index.php\/2023\/11\/10\/atencion\/","title":{"rendered":"Atenci\u00f3n"},"content":{"rendered":"\n<p>Esta semana del 13 al 19 de noviembre de 2023 ser\u00e1 distinta a las habituales.<br><br>El mi\u00e9rcoles 15 de noviembre <strong>no habr\u00e1 Mi\u00e9rcoles Anal\u00f3gico<\/strong> (d\u00eda de entrada gratuita para visitar el local, jugar a videojuegos, etc).<br><\/p>\n\n\n\n<p><br>Pero a cambio esta semana tenemos 3 eventos en vez de solo uno:<br><br>El jueves 16 de noviembre tenderemos <br><strong>A Pat Llombet en el FMAC:<br><\/strong><a href=\"https:\/\/elsotanoanalogico.com\/index.php\/2023\/11\/10\/fmac-pat-llombet\/\" target=\"_blank\" rel=\"noreferrer noopener\">https:\/\/elsotanoanalogico.com\/index.php\/2023\/11\/10\/fmac-pat-llombet\/ <\/a><\/p>\n\n\n\n<figure class=\"wp-block-image size-large is-resized is-style-default\"><img loading=\"lazy\" decoding=\"async\" width=\"724\" height=\"1024\" src=\"https:\/\/elsotanoanalogico.com\/wp-content\/uploads\/2023\/11\/Pat_Llombet_2023_l-724x1024.jpeg\" alt=\"\" class=\"wp-image-1022\" style=\"width:155px;height:auto\" srcset=\"https:\/\/elsotanoanalogico.com\/wp-content\/uploads\/2023\/11\/Pat_Llombet_2023_l-724x1024.jpeg 724w, https:\/\/elsotanoanalogico.com\/wp-content\/uploads\/2023\/11\/Pat_Llombet_2023_l-212x300.jpeg 212w, https:\/\/elsotanoanalogico.com\/wp-content\/uploads\/2023\/11\/Pat_Llombet_2023_l-768x1086.jpeg 768w, https:\/\/elsotanoanalogico.com\/wp-content\/uploads\/2023\/11\/Pat_Llombet_2023_l-1086x1536.jpeg 1086w, https:\/\/elsotanoanalogico.com\/wp-content\/uploads\/2023\/11\/Pat_Llombet_2023_l.jpeg 1131w\" sizes=\"auto, (max-width: 724px) 100vw, 724px\" \/><\/figure>\n\n\n\n<p>El viernes 17 de noviembre traemos a<br><strong>JJ en formato solista, del grupo Whisper:<br><\/strong><a href=\"https:\/\/elsotanoanalogico.com\/index.php\/2023\/11\/10\/jj-whisper\/\" target=\"_blank\" rel=\"noreferrer noopener\">https:\/\/elsotanoanalogico.com\/index.php\/2023\/11\/10\/jj-whisper\/<\/a><\/p>\n\n\n\n<figure class=\"wp-block-image size-full is-resized is-style-default\"><img loading=\"lazy\" decoding=\"async\" width=\"720\" height=\"708\" src=\"https:\/\/elsotanoanalogico.com\/wp-content\/uploads\/2023\/11\/cartel-jjWHISPER-En-sotano-analogico_.jpg\" alt=\"\" class=\"wp-image-1026\" style=\"width:152px;height:auto\" srcset=\"https:\/\/elsotanoanalogico.com\/wp-content\/uploads\/2023\/11\/cartel-jjWHISPER-En-sotano-analogico_.jpg 720w, https:\/\/elsotanoanalogico.com\/wp-content\/uploads\/2023\/11\/cartel-jjWHISPER-En-sotano-analogico_-300x295.jpg 300w\" sizes=\"auto, (max-width: 720px) 100vw, 720px\" \/><\/figure>\n\n\n\n<p>El s\u00e1bado 18 de noviembre tenemos a<br><strong>Ignacio de la Lastra con Vor\u00e1gine:<br><\/strong><a href=\"https:\/\/elsotanoanalogico.com\/index.php\/2023\/11\/10\/voragine\/\" target=\"_blank\" rel=\"noreferrer noopener\">https:\/\/elsotanoanalogico.com\/index.php\/2023\/11\/10\/voragine\/<\/a><\/p>\n\n\n\n<figure class=\"wp-block-image size-full is-resized is-style-default\"><img loading=\"lazy\" decoding=\"async\" width=\"720\" height=\"720\" src=\"https:\/\/elsotanoanalogico.com\/wp-content\/uploads\/2023\/11\/Ignaciodelastra2023.jpg\" alt=\"\" class=\"wp-image-1030\" style=\"width:151px;height:auto\" srcset=\"https:\/\/elsotanoanalogico.com\/wp-content\/uploads\/2023\/11\/Ignaciodelastra2023.jpg 720w, https:\/\/elsotanoanalogico.com\/wp-content\/uploads\/2023\/11\/Ignaciodelastra2023-300x300.jpg 300w, https:\/\/elsotanoanalogico.com\/wp-content\/uploads\/2023\/11\/Ignaciodelastra2023-150x150.jpg 150w\" sizes=\"auto, (max-width: 720px) 100vw, 720px\" \/><\/figure>\n\n\n\n<div class=\"wp-block-columns is-layout-flex wp-container-core-columns-is-layout-9d6595d7 wp-block-columns-is-layout-flex\">\n<div class=\"wp-block-column is-layout-flow wp-block-column-is-layout-flow\" style=\"flex-basis:100%\"><\/div>\n<\/div>\n\n\n\n<p>No los dejes para \u00faltima hora, decide ya tu semana en El S\u00f3tano Anal\u00f3gico<\/p>\n","protected":false},"excerpt":{"rendered":"<p>Esta semana del 13 al 19 de noviembre de 2023 ser\u00e1 distinta a las habituales. El mi\u00e9rcoles 15 de noviembre no habr\u00e1 Mi\u00e9rcoles Anal\u00f3gico (d\u00eda de entrada gratuita para visitar [&hellip;]<\/p>\n","protected":false},"author":2,"featured_media":0,"comment_status":"closed","ping_status":"closed","sticky":false,"template":"","format":"standard","meta":{"footnotes":""},"categories":[12,2,1],"tags":[],"class_list":["post-1039","post","type-post","status-publish","format-standard","hentry","category-conciertos","category-eventos","category-general"],"_links":{"self":[{"href":"https:\/\/elsotanoanalogico.com\/index.php\/wp-json\/wp\/v2\/posts\/1039","targetHints":{"allow":["GET"]}}],"collection":[{"href":"https:\/\/elsotanoanalogico.com\/index.php\/wp-json\/wp\/v2\/posts"}],"about":[{"href":"https:\/\/elsotanoanalogico.com\/index.php\/wp-json\/wp\/v2\/types\/post"}],"author":[{"embeddable":true,"href":"https:\/\/elsotanoanalogico.com\/index.php\/wp-json\/wp\/v2\/users\/2"}],"replies":[{"embeddable":true,"href":"https:\/\/elsotanoanalogico.com\/index.php\/wp-json\/wp\/v2\/comments?post=1039"}],"version-history":[{"count":1,"href":"https:\/\/elsotanoanalogico.com\/index.php\/wp-json\/wp\/v2\/posts\/1039\/revisions"}],"predecessor-version":[{"id":1040,"href":"https:\/\/elsotanoanalogico.com\/index.php\/wp-json\/wp\/v2\/posts\/1039\/revisions\/1040"}],"wp:attachment":[{"href":"https:\/\/elsotanoanalogico.com\/index.php\/wp-json\/wp\/v2\/media?parent=1039"}],"wp:term":[{"taxonomy":"category","embeddable":true,"href":"https:\/\/elsotanoanalogico.com\/index.php\/wp-json\/wp\/v2\/categories?post=1039"},{"taxonomy":"post_tag","embeddable":true,"href":"https:\/\/elsotanoanalogico.com\/index.php\/wp-json\/wp\/v2\/tags?post=1039"}],"curies":[{"name":"wp","href":"https:\/\/api.w.org\/{rel}","templated":true}]}}