{"id":1080,"date":"2024-01-08T11:20:36","date_gmt":"2024-01-08T11:20:36","guid":{"rendered":"https:\/\/elsotanoanalogico.com\/?p=1080"},"modified":"2024-01-08T11:20:36","modified_gmt":"2024-01-08T11:20:36","slug":"introversion-3","status":"publish","type":"post","link":"https:\/\/elsotanoanalogico.com\/index.php\/2024\/01\/08\/introversion-3\/","title":{"rendered":"Introversi\u00f3n"},"content":{"rendered":"\n<figure class=\"wp-block-image size-large is-style-default\"><img loading=\"lazy\" decoding=\"async\" width=\"819\" height=\"1024\" src=\"https:\/\/elsotanoanalogico.com\/wp-content\/uploads\/2024\/01\/Introversion_sotano_enero_2024-819x1024.jpeg\" alt=\"\" class=\"wp-image-1081\" srcset=\"https:\/\/elsotanoanalogico.com\/wp-content\/uploads\/2024\/01\/Introversion_sotano_enero_2024-819x1024.jpeg 819w, https:\/\/elsotanoanalogico.com\/wp-content\/uploads\/2024\/01\/Introversion_sotano_enero_2024-240x300.jpeg 240w, https:\/\/elsotanoanalogico.com\/wp-content\/uploads\/2024\/01\/Introversion_sotano_enero_2024-768x960.jpeg 768w, https:\/\/elsotanoanalogico.com\/wp-content\/uploads\/2024\/01\/Introversion_sotano_enero_2024.jpeg 1080w\" sizes=\"auto, (max-width: 819px) 100vw, 819px\" \/><\/figure>\n\n\n\n<p>Introversi\u00f3n vuelve a El S\u00f3tano Anal\u00f3gico en formato grupo.<\/p>\n\n\n\n<p>Esta vez Thiago deja su ac\u00fastica en casa y traer\u00e1 su el\u00e9ctrica con su conocida \u201cfavela\u201d de pedales, acompa\u00f1ado de Cejudo al bajo, V\u00edctor Lobeira a los tambores y Carlos a las letras y otras cuerdas.<\/p>\n\n\n\n<p>Definitivamente, parece que los introvertidos est\u00e1n saliendo del armario. Tienen ganas de verles por all\u00ed.<br><br>10\u20ac anticipada (online), 12\u20ac en puerta (en efectivo). Apertura de puertas a las 19:30h, concierto puntual a las 20:00h.<\/p>\n\n\n\n<p>Consigue aqu\u00ed la entrada aqu\u00ed:<br><a href=\"https:\/\/entradium.com\/events\/introversion-en-concierto-el-sotano-analogico\" target=\"_blank\" rel=\"noreferrer noopener\">https:\/\/entradium.com\/events\/introversion-en-concierto-el-sotano-analogico<\/a><\/p>\n","protected":false},"excerpt":{"rendered":"<p>Introversi\u00f3n vuelve a El S\u00f3tano Anal\u00f3gico en formato grupo. Esta vez Thiago deja su ac\u00fastica en casa y traer\u00e1 su el\u00e9ctrica con su conocida \u201cfavela\u201d de pedales, acompa\u00f1ado de Cejudo [&hellip;]<\/p>\n","protected":false},"author":2,"featured_media":0,"comment_status":"closed","ping_status":"closed","sticky":false,"template":"","format":"standard","meta":{"footnotes":""},"categories":[12,2,1],"tags":[],"class_list":["post-1080","post","type-post","status-publish","format-standard","hentry","category-conciertos","category-eventos","category-general"],"_links":{"self":[{"href":"https:\/\/elsotanoanalogico.com\/index.php\/wp-json\/wp\/v2\/posts\/1080","targetHints":{"allow":["GET"]}}],"collection":[{"href":"https:\/\/elsotanoanalogico.com\/index.php\/wp-json\/wp\/v2\/posts"}],"about":[{"href":"https:\/\/elsotanoanalogico.com\/index.php\/wp-json\/wp\/v2\/types\/post"}],"author":[{"embeddable":true,"href":"https:\/\/elsotanoanalogico.com\/index.php\/wp-json\/wp\/v2\/users\/2"}],"replies":[{"embeddable":true,"href":"https:\/\/elsotanoanalogico.com\/index.php\/wp-json\/wp\/v2\/comments?post=1080"}],"version-history":[{"count":1,"href":"https:\/\/elsotanoanalogico.com\/index.php\/wp-json\/wp\/v2\/posts\/1080\/revisions"}],"predecessor-version":[{"id":1082,"href":"https:\/\/elsotanoanalogico.com\/index.php\/wp-json\/wp\/v2\/posts\/1080\/revisions\/1082"}],"wp:attachment":[{"href":"https:\/\/elsotanoanalogico.com\/index.php\/wp-json\/wp\/v2\/media?parent=1080"}],"wp:term":[{"taxonomy":"category","embeddable":true,"href":"https:\/\/elsotanoanalogico.com\/index.php\/wp-json\/wp\/v2\/categories?post=1080"},{"taxonomy":"post_tag","embeddable":true,"href":"https:\/\/elsotanoanalogico.com\/index.php\/wp-json\/wp\/v2\/tags?post=1080"}],"curies":[{"name":"wp","href":"https:\/\/api.w.org\/{rel}","templated":true}]}}