{"id":1084,"date":"2024-01-15T13:58:17","date_gmt":"2024-01-15T13:58:17","guid":{"rendered":"https:\/\/elsotanoanalogico.com\/?p=1084"},"modified":"2024-01-15T16:57:42","modified_gmt":"2024-01-15T16:57:42","slug":"nelson-saavedra","status":"publish","type":"post","link":"https:\/\/elsotanoanalogico.com\/index.php\/2024\/01\/15\/nelson-saavedra\/","title":{"rendered":"Nelson Saavedra Proyecto"},"content":{"rendered":"\n<figure class=\"wp-block-image size-large is-style-default\"><img loading=\"lazy\" decoding=\"async\" width=\"724\" height=\"1024\" src=\"https:\/\/elsotanoanalogico.com\/wp-content\/uploads\/2024\/01\/nelson_svdra-20240115_15_3_edit-724x1024.jpeg\" alt=\"\" class=\"wp-image-1092\" srcset=\"https:\/\/elsotanoanalogico.com\/wp-content\/uploads\/2024\/01\/nelson_svdra-20240115_15_3_edit-724x1024.jpeg 724w, https:\/\/elsotanoanalogico.com\/wp-content\/uploads\/2024\/01\/nelson_svdra-20240115_15_3_edit-212x300.jpeg 212w, https:\/\/elsotanoanalogico.com\/wp-content\/uploads\/2024\/01\/nelson_svdra-20240115_15_3_edit-768x1087.jpeg 768w, https:\/\/elsotanoanalogico.com\/wp-content\/uploads\/2024\/01\/nelson_svdra-20240115_15_3_edit-1085x1536.jpeg 1085w, https:\/\/elsotanoanalogico.com\/wp-content\/uploads\/2024\/01\/nelson_svdra-20240115_15_3_edit-1200x1698.jpeg 1200w, https:\/\/elsotanoanalogico.com\/wp-content\/uploads\/2024\/01\/nelson_svdra-20240115_15_3_edit.jpeg 1447w\" sizes=\"auto, (max-width: 724px) 100vw, 724px\" \/><\/figure>\n\n\n\n<p>Nelson Saavedra proyecto nace de las inquietudes y necesidades del m\u00fasico canario Nelson Saavedra por plasmar su universo sonoro. Acompa\u00f1ado por Luis S\u00e1nchez y Juan P\u00e9rez , este tr\u00edo plantea un viaje por las experiencias vividas en su reciente etapa en Gran Canaria mostrando un repertorio \u00edntegro de composiciones propias.<\/p>\n\n\n\n<p>Luis S\u00e1nchez &#8211; teclado<\/p>\n\n\n\n<p>Nelson saavedra &#8211; bajo el\u00e9ctrico<\/p>\n\n\n\n<p>Juan P\u00e9rez &#8211; percusi\u00f3n<\/p>\n\n\n\n<p><br>El <strong>viernes 19 de enero<\/strong>.<br><br><strong>Apertura a las 19:30h, concierto a las 20:00h.<\/strong><\/p>\n\n\n\n<p>Encuentra aqu\u00ed las entradas:<br><br><a href=\"https:\/\/entradium.com\/events\/nelson-saavedra-proyecto\" target=\"_blank\" rel=\"noreferrer noopener\">https:\/\/entradium.com\/events\/nelson-saavedra-proyecto <\/a><br><br><\/p>\n","protected":false},"excerpt":{"rendered":"<p>Nelson Saavedra proyecto nace de las inquietudes y necesidades del m\u00fasico canario Nelson Saavedra por plasmar su universo sonoro. Acompa\u00f1ado por Luis S\u00e1nchez y Juan P\u00e9rez , este tr\u00edo plantea [&hellip;]<\/p>\n","protected":false},"author":2,"featured_media":0,"comment_status":"closed","ping_status":"closed","sticky":false,"template":"","format":"standard","meta":{"footnotes":""},"categories":[12,2,1],"tags":[],"class_list":["post-1084","post","type-post","status-publish","format-standard","hentry","category-conciertos","category-eventos","category-general"],"_links":{"self":[{"href":"https:\/\/elsotanoanalogico.com\/index.php\/wp-json\/wp\/v2\/posts\/1084","targetHints":{"allow":["GET"]}}],"collection":[{"href":"https:\/\/elsotanoanalogico.com\/index.php\/wp-json\/wp\/v2\/posts"}],"about":[{"href":"https:\/\/elsotanoanalogico.com\/index.php\/wp-json\/wp\/v2\/types\/post"}],"author":[{"embeddable":true,"href":"https:\/\/elsotanoanalogico.com\/index.php\/wp-json\/wp\/v2\/users\/2"}],"replies":[{"embeddable":true,"href":"https:\/\/elsotanoanalogico.com\/index.php\/wp-json\/wp\/v2\/comments?post=1084"}],"version-history":[{"count":4,"href":"https:\/\/elsotanoanalogico.com\/index.php\/wp-json\/wp\/v2\/posts\/1084\/revisions"}],"predecessor-version":[{"id":1094,"href":"https:\/\/elsotanoanalogico.com\/index.php\/wp-json\/wp\/v2\/posts\/1084\/revisions\/1094"}],"wp:attachment":[{"href":"https:\/\/elsotanoanalogico.com\/index.php\/wp-json\/wp\/v2\/media?parent=1084"}],"wp:term":[{"taxonomy":"category","embeddable":true,"href":"https:\/\/elsotanoanalogico.com\/index.php\/wp-json\/wp\/v2\/categories?post=1084"},{"taxonomy":"post_tag","embeddable":true,"href":"https:\/\/elsotanoanalogico.com\/index.php\/wp-json\/wp\/v2\/tags?post=1084"}],"curies":[{"name":"wp","href":"https:\/\/api.w.org\/{rel}","templated":true}]}}