{"id":1142,"date":"2024-01-29T17:16:28","date_gmt":"2024-01-29T17:16:28","guid":{"rendered":"https:\/\/elsotanoanalogico.com\/?p=1142"},"modified":"2024-01-29T17:16:28","modified_gmt":"2024-01-29T17:16:28","slug":"claudia-basterra","status":"publish","type":"post","link":"https:\/\/elsotanoanalogico.com\/index.php\/2024\/01\/29\/claudia-basterra\/","title":{"rendered":"Claudia Basterra"},"content":{"rendered":"\n<figure class=\"wp-block-image size-large is-style-default\"><img loading=\"lazy\" decoding=\"async\" width=\"1024\" height=\"1024\" src=\"https:\/\/elsotanoanalogico.com\/wp-content\/uploads\/2024\/01\/claudiabasterramusic-20240118_210542-419285041_18265928818207725_7408045030916655154_n-1024x1024.jpeg\" alt=\"\" class=\"wp-image-1143\" srcset=\"https:\/\/elsotanoanalogico.com\/wp-content\/uploads\/2024\/01\/claudiabasterramusic-20240118_210542-419285041_18265928818207725_7408045030916655154_n-1024x1024.jpeg 1024w, https:\/\/elsotanoanalogico.com\/wp-content\/uploads\/2024\/01\/claudiabasterramusic-20240118_210542-419285041_18265928818207725_7408045030916655154_n-300x300.jpeg 300w, https:\/\/elsotanoanalogico.com\/wp-content\/uploads\/2024\/01\/claudiabasterramusic-20240118_210542-419285041_18265928818207725_7408045030916655154_n-150x150.jpeg 150w, https:\/\/elsotanoanalogico.com\/wp-content\/uploads\/2024\/01\/claudiabasterramusic-20240118_210542-419285041_18265928818207725_7408045030916655154_n-768x768.jpeg 768w, https:\/\/elsotanoanalogico.com\/wp-content\/uploads\/2024\/01\/claudiabasterramusic-20240118_210542-419285041_18265928818207725_7408045030916655154_n.jpeg 1080w\" sizes=\"auto, (max-width: 1024px) 100vw, 1024px\" \/><\/figure>\n\n\n\n<p>Claudia Basterra, cantante y compositora, presenta sus canciones por primera vez en Gran Canaria revisitando los temas de su primer trabajo, \u201cSemilla\u201d (2021), junto a otros nuevos que incorporan ritmos funky-jazz, y sonidos electr\u00f3nicos o con influencias del folk, pero conservando la esencia que le caracteriza.&nbsp;<\/p>\n\n\n\n<p>En esta ocasi\u00f3n, actuar\u00e1 en formato d\u00fao junto al guitarrista Jorge Hern\u00e1ndez.<\/p>\n\n\n\n<p>Ven y d\u00e9jate llevar por las diversas atm\u00f3sferas de su universo musical y personal.&nbsp;<\/p>\n\n\n\n<p>\u00a1Te esperamos!<br><br>Anticipadas son m\u00e1s baratas y aseguras poder entrar. Consiguelas aqu\u00ed:<\/p>\n\n\n\n<p><a href=\"https:\/\/entradium.com\/events\/claudia-basterra\">https:\/\/entradium.com\/events\/claudia-basterra<\/a><\/p>\n","protected":false},"excerpt":{"rendered":"<p>Claudia Basterra, cantante y compositora, presenta sus canciones por primera vez en Gran Canaria revisitando los temas de su primer trabajo, \u201cSemilla\u201d (2021), junto a otros nuevos que incorporan ritmos [&hellip;]<\/p>\n","protected":false},"author":2,"featured_media":0,"comment_status":"closed","ping_status":"closed","sticky":false,"template":"","format":"standard","meta":{"footnotes":""},"categories":[12,2,1],"tags":[],"class_list":["post-1142","post","type-post","status-publish","format-standard","hentry","category-conciertos","category-eventos","category-general"],"_links":{"self":[{"href":"https:\/\/elsotanoanalogico.com\/index.php\/wp-json\/wp\/v2\/posts\/1142","targetHints":{"allow":["GET"]}}],"collection":[{"href":"https:\/\/elsotanoanalogico.com\/index.php\/wp-json\/wp\/v2\/posts"}],"about":[{"href":"https:\/\/elsotanoanalogico.com\/index.php\/wp-json\/wp\/v2\/types\/post"}],"author":[{"embeddable":true,"href":"https:\/\/elsotanoanalogico.com\/index.php\/wp-json\/wp\/v2\/users\/2"}],"replies":[{"embeddable":true,"href":"https:\/\/elsotanoanalogico.com\/index.php\/wp-json\/wp\/v2\/comments?post=1142"}],"version-history":[{"count":1,"href":"https:\/\/elsotanoanalogico.com\/index.php\/wp-json\/wp\/v2\/posts\/1142\/revisions"}],"predecessor-version":[{"id":1144,"href":"https:\/\/elsotanoanalogico.com\/index.php\/wp-json\/wp\/v2\/posts\/1142\/revisions\/1144"}],"wp:attachment":[{"href":"https:\/\/elsotanoanalogico.com\/index.php\/wp-json\/wp\/v2\/media?parent=1142"}],"wp:term":[{"taxonomy":"category","embeddable":true,"href":"https:\/\/elsotanoanalogico.com\/index.php\/wp-json\/wp\/v2\/categories?post=1142"},{"taxonomy":"post_tag","embeddable":true,"href":"https:\/\/elsotanoanalogico.com\/index.php\/wp-json\/wp\/v2\/tags?post=1142"}],"curies":[{"name":"wp","href":"https:\/\/api.w.org\/{rel}","templated":true}]}}