{"id":1169,"date":"2024-02-26T14:55:01","date_gmt":"2024-02-26T14:55:01","guid":{"rendered":"https:\/\/elsotanoanalogico.com\/?p=1169"},"modified":"2024-02-26T14:55:01","modified_gmt":"2024-02-26T14:55:01","slug":"amparo-ramos","status":"publish","type":"post","link":"https:\/\/elsotanoanalogico.com\/index.php\/2024\/02\/26\/amparo-ramos\/","title":{"rendered":"Amparo Ramos"},"content":{"rendered":"\n<figure class=\"wp-block-image size-large is-style-default\"><img loading=\"lazy\" decoding=\"async\" width=\"724\" height=\"1024\" src=\"https:\/\/elsotanoanalogico.com\/wp-content\/uploads\/2024\/02\/Amparo-Ramos-2024-724x1024.jpeg\" alt=\"\" class=\"wp-image-1171\" srcset=\"https:\/\/elsotanoanalogico.com\/wp-content\/uploads\/2024\/02\/Amparo-Ramos-2024-724x1024.jpeg 724w, https:\/\/elsotanoanalogico.com\/wp-content\/uploads\/2024\/02\/Amparo-Ramos-2024-212x300.jpeg 212w, https:\/\/elsotanoanalogico.com\/wp-content\/uploads\/2024\/02\/Amparo-Ramos-2024-768x1086.jpeg 768w, https:\/\/elsotanoanalogico.com\/wp-content\/uploads\/2024\/02\/Amparo-Ramos-2024-1086x1536.jpeg 1086w, https:\/\/elsotanoanalogico.com\/wp-content\/uploads\/2024\/02\/Amparo-Ramos-2024-1448x2048.jpeg 1448w, https:\/\/elsotanoanalogico.com\/wp-content\/uploads\/2024\/02\/Amparo-Ramos-2024-1200x1698.jpeg 1200w, https:\/\/elsotanoanalogico.com\/wp-content\/uploads\/2024\/02\/Amparo-Ramos-2024.jpeg 1587w\" sizes=\"auto, (max-width: 724px) 100vw, 724px\" \/><\/figure>\n\n\n\n<p>Amparo Ramos, es una cantautora de Gran Canaria con pocos a\u00f1os de evoluci\u00f3n en la canci\u00f3n de autor, apenas desde el 2012, aunque cuando adolescente ya hizo sus primeras canciones. En el 2017, participa como una de las finalistas del II Certamen Nacional de Cantautores de Moraleja, impulsado por el cantautor extreme\u00f1o, Ni\u00f1o Indigo, evento apadrinado por el cantautor tinerfe\u00f1o Pedro Guerra. El repertorio musical gira en torno a tem\u00e1ticas sobre el amor, socio-pol\u00edticas y reflexivas sobre el devenir del vivir, cantadas en espacios culturales y sociales de la ciudad de Las Palmas de Gran Canaria. El sentido de hacer lo que hace, es el contar lo que piensa, lo que siente, y transmitirlo a trav\u00e9s de la canci\u00f3n, resultado de un proceso creativo &#8211; expresivo, en que a veces encuentra la calma, la reflexi\u00f3n y, en otras, la denuncia social o el poner en valor lo que nos rodea.<br><\/p>\n\n\n\n<p>Consigue las entradas aqu\u00ed de forma anticipada:<\/p>\n\n\n\n<p><a href=\"https:\/\/entradium.com\/es\/events\/amparo-ramos\">https:\/\/entradium.com\/es\/events\/amparo-ramos<\/a><\/p>\n","protected":false},"excerpt":{"rendered":"<p>Amparo Ramos, es una cantautora de Gran Canaria con pocos a\u00f1os de evoluci\u00f3n en la canci\u00f3n de autor, apenas desde el 2012, aunque cuando adolescente ya hizo sus primeras canciones. [&hellip;]<\/p>\n","protected":false},"author":2,"featured_media":0,"comment_status":"closed","ping_status":"closed","sticky":false,"template":"","format":"standard","meta":{"footnotes":""},"categories":[12,2,1],"tags":[],"class_list":["post-1169","post","type-post","status-publish","format-standard","hentry","category-conciertos","category-eventos","category-general"],"_links":{"self":[{"href":"https:\/\/elsotanoanalogico.com\/index.php\/wp-json\/wp\/v2\/posts\/1169","targetHints":{"allow":["GET"]}}],"collection":[{"href":"https:\/\/elsotanoanalogico.com\/index.php\/wp-json\/wp\/v2\/posts"}],"about":[{"href":"https:\/\/elsotanoanalogico.com\/index.php\/wp-json\/wp\/v2\/types\/post"}],"author":[{"embeddable":true,"href":"https:\/\/elsotanoanalogico.com\/index.php\/wp-json\/wp\/v2\/users\/2"}],"replies":[{"embeddable":true,"href":"https:\/\/elsotanoanalogico.com\/index.php\/wp-json\/wp\/v2\/comments?post=1169"}],"version-history":[{"count":1,"href":"https:\/\/elsotanoanalogico.com\/index.php\/wp-json\/wp\/v2\/posts\/1169\/revisions"}],"predecessor-version":[{"id":1172,"href":"https:\/\/elsotanoanalogico.com\/index.php\/wp-json\/wp\/v2\/posts\/1169\/revisions\/1172"}],"wp:attachment":[{"href":"https:\/\/elsotanoanalogico.com\/index.php\/wp-json\/wp\/v2\/media?parent=1169"}],"wp:term":[{"taxonomy":"category","embeddable":true,"href":"https:\/\/elsotanoanalogico.com\/index.php\/wp-json\/wp\/v2\/categories?post=1169"},{"taxonomy":"post_tag","embeddable":true,"href":"https:\/\/elsotanoanalogico.com\/index.php\/wp-json\/wp\/v2\/tags?post=1169"}],"curies":[{"name":"wp","href":"https:\/\/api.w.org\/{rel}","templated":true}]}}