{"id":1189,"date":"2024-03-09T15:53:57","date_gmt":"2024-03-09T15:53:57","guid":{"rendered":"https:\/\/elsotanoanalogico.com\/?p=1189"},"modified":"2024-03-09T15:53:57","modified_gmt":"2024-03-09T15:53:57","slug":"contraventura","status":"publish","type":"post","link":"https:\/\/elsotanoanalogico.com\/index.php\/2024\/03\/09\/contraventura\/","title":{"rendered":"ContraVentura"},"content":{"rendered":"\n<figure class=\"wp-block-image size-large is-style-default\"><img loading=\"lazy\" decoding=\"async\" width=\"724\" height=\"1024\" src=\"https:\/\/elsotanoanalogico.com\/wp-content\/uploads\/2024\/03\/David-rodriguez-contraventura-724x1024.jpg\" alt=\"\" class=\"wp-image-1191\" srcset=\"https:\/\/elsotanoanalogico.com\/wp-content\/uploads\/2024\/03\/David-rodriguez-contraventura-724x1024.jpg 724w, https:\/\/elsotanoanalogico.com\/wp-content\/uploads\/2024\/03\/David-rodriguez-contraventura-212x300.jpg 212w, https:\/\/elsotanoanalogico.com\/wp-content\/uploads\/2024\/03\/David-rodriguez-contraventura-768x1086.jpg 768w, https:\/\/elsotanoanalogico.com\/wp-content\/uploads\/2024\/03\/David-rodriguez-contraventura.jpg 1024w\" sizes=\"auto, (max-width: 724px) 100vw, 724px\" \/><\/figure>\n\n\n\n<p>Este viernes 15 de marzo, en El S\u00f3tano Anal\u00f3gico, David Rodr\u00edguez Santana \u00abEl Majorero\u00bb presenta su nuevo proyecto \u00abContraVentura\u00bb, explorando las ra\u00edces de Canarias influenciadas en Fuerteventura a trav\u00e9s del timple y la contra majorera. Acompa\u00f1ado por Ren\u00e9 Falc\u00f3n.<\/p>\n\n\n\n<p>Entrada anticipada:<\/p>\n\n\n\n<p><a href=\"https:\/\/entradium.com\/events\/contraventura\">https:\/\/entradium.com\/events\/contraventura<\/a><\/p>\n","protected":false},"excerpt":{"rendered":"<p>Este viernes 15 de marzo, en El S\u00f3tano Anal\u00f3gico, David Rodr\u00edguez Santana \u00abEl Majorero\u00bb presenta su nuevo proyecto \u00abContraVentura\u00bb, explorando las ra\u00edces de Canarias influenciadas en Fuerteventura a trav\u00e9s del [&hellip;]<\/p>\n","protected":false},"author":2,"featured_media":0,"comment_status":"closed","ping_status":"closed","sticky":false,"template":"","format":"standard","meta":{"footnotes":""},"categories":[12,2,1],"tags":[],"class_list":["post-1189","post","type-post","status-publish","format-standard","hentry","category-conciertos","category-eventos","category-general"],"_links":{"self":[{"href":"https:\/\/elsotanoanalogico.com\/index.php\/wp-json\/wp\/v2\/posts\/1189","targetHints":{"allow":["GET"]}}],"collection":[{"href":"https:\/\/elsotanoanalogico.com\/index.php\/wp-json\/wp\/v2\/posts"}],"about":[{"href":"https:\/\/elsotanoanalogico.com\/index.php\/wp-json\/wp\/v2\/types\/post"}],"author":[{"embeddable":true,"href":"https:\/\/elsotanoanalogico.com\/index.php\/wp-json\/wp\/v2\/users\/2"}],"replies":[{"embeddable":true,"href":"https:\/\/elsotanoanalogico.com\/index.php\/wp-json\/wp\/v2\/comments?post=1189"}],"version-history":[{"count":1,"href":"https:\/\/elsotanoanalogico.com\/index.php\/wp-json\/wp\/v2\/posts\/1189\/revisions"}],"predecessor-version":[{"id":1192,"href":"https:\/\/elsotanoanalogico.com\/index.php\/wp-json\/wp\/v2\/posts\/1189\/revisions\/1192"}],"wp:attachment":[{"href":"https:\/\/elsotanoanalogico.com\/index.php\/wp-json\/wp\/v2\/media?parent=1189"}],"wp:term":[{"taxonomy":"category","embeddable":true,"href":"https:\/\/elsotanoanalogico.com\/index.php\/wp-json\/wp\/v2\/categories?post=1189"},{"taxonomy":"post_tag","embeddable":true,"href":"https:\/\/elsotanoanalogico.com\/index.php\/wp-json\/wp\/v2\/tags?post=1189"}],"curies":[{"name":"wp","href":"https:\/\/api.w.org\/{rel}","templated":true}]}}