{"id":1209,"date":"2024-04-08T11:45:28","date_gmt":"2024-04-08T10:45:28","guid":{"rendered":"https:\/\/elsotanoanalogico.com\/?p=1209"},"modified":"2024-04-08T11:45:28","modified_gmt":"2024-04-08T10:45:28","slug":"la-nina-de-la-calle","status":"publish","type":"post","link":"https:\/\/elsotanoanalogico.com\/index.php\/2024\/04\/08\/la-nina-de-la-calle\/","title":{"rendered":"La ni\u00f1a de la calle"},"content":{"rendered":"\n<figure class=\"wp-block-image size-large is-style-default\"><img loading=\"lazy\" decoding=\"async\" width=\"819\" height=\"1024\" src=\"https:\/\/elsotanoanalogico.com\/wp-content\/uploads\/2024\/04\/La-nina-de-la-calle-ESA-2024-819x1024.jpeg\" alt=\"\" class=\"wp-image-1210\" srcset=\"https:\/\/elsotanoanalogico.com\/wp-content\/uploads\/2024\/04\/La-nina-de-la-calle-ESA-2024-819x1024.jpeg 819w, https:\/\/elsotanoanalogico.com\/wp-content\/uploads\/2024\/04\/La-nina-de-la-calle-ESA-2024-240x300.jpeg 240w, https:\/\/elsotanoanalogico.com\/wp-content\/uploads\/2024\/04\/La-nina-de-la-calle-ESA-2024-768x960.jpeg 768w, https:\/\/elsotanoanalogico.com\/wp-content\/uploads\/2024\/04\/La-nina-de-la-calle-ESA-2024.jpeg 996w\" sizes=\"auto, (max-width: 819px) 100vw, 819px\" \/><\/figure>\n\n\n\n<p>Virginia, conocida como\u00a0<strong>La ni\u00f1a de la calle<\/strong>, es una artista nacida en la Sierra de Ja\u00e9n, criada en una familia de m\u00fasicos que influenciaron su motivaci\u00f3n y su trayectoria en la m\u00fasica, especialmente por su madre cantaora de flamenco. Desde peque\u00f1a empez\u00f3 cantando por\u00a0Lola Flores y por artistas del g\u00e9nero predominante en su tierra. Se form\u00f3 en una escuela musical con la percusi\u00f3n como instrumento, pero ser\u00e1 la guitarra quien le acompa\u00f1ar\u00e1 a descubrir su camino en la m\u00fasica, junto la l\u00edrica. Con los estudios universitarios dej\u00f3 de lado la m\u00fasica, hasta que en su \u00faltimo a\u00f1o de carrera decidi\u00f3\u00a0volver a retomarla y hacerlo a trav\u00e9s de la calle, recorriendo la costa de Andaluc\u00eda y m\u00e1s adelante el resto de la pen\u00ednsula, cantando versiones de cantautores y movi\u00e9ndose en diferentes estilos como<strong>\u00a0reggae, rap, soul, jazz, flamenco y boleros.<\/strong><\/p>\n\n\n\n<p>Tras finalizar sus estudios en 2022 viaj\u00f3 a Gran Canaria para seguir form\u00e1ndose como psic\u00f3loga y como m\u00fasica, donde sigue actualmente. El&nbsp;<strong>arte callejero<\/strong>&nbsp;le ha acompa\u00f1ado desde que retom\u00f3 la m\u00fasica y ha sido su principal v\u00eda para ofrecer su arte. Recientemente ha empezado a componer sus primeras canciones y a recitar sus propios poemas, bajo la influencia de artistas como&nbsp;<strong>Gata Cattana, Rupatrupa, Travis Birds, Kase O, Biig Piig, Lia Kali, entre otras.<\/strong><\/p>\n\n\n\n<p>En este concierto, \u00ab<strong>Por mis musas<\/strong>\u00ab, dar\u00e1 voz a algunas de las mujeres referentes que ha tenido a lo largo de su vida, presentar\u00e1 sus propias canciones y todo ello en vuelto en poes\u00eda y versos.<\/p>\n\n\n\n<p><strong>Viernes 12 a las 20:00h<\/strong><\/p>\n\n\n\n<p>Consigue tu entrada aqu\u00ed:<br><br><a href=\"https:\/\/entradium.com\/es\/events\/la-nina-de-la-calle-por-mis-musas\" target=\"_blank\" rel=\"noreferrer noopener\">https:\/\/entradium.com\/es\/events\/la-nina-de-la-calle-por-mis-musas<\/a><\/p>\n","protected":false},"excerpt":{"rendered":"<p>Virginia, conocida como\u00a0La ni\u00f1a de la calle, es una artista nacida en la Sierra de Ja\u00e9n, criada en una familia de m\u00fasicos que influenciaron su motivaci\u00f3n y su trayectoria en [&hellip;]<\/p>\n","protected":false},"author":2,"featured_media":0,"comment_status":"closed","ping_status":"closed","sticky":false,"template":"","format":"standard","meta":{"footnotes":""},"categories":[12,2,1],"tags":[],"class_list":["post-1209","post","type-post","status-publish","format-standard","hentry","category-conciertos","category-eventos","category-general"],"_links":{"self":[{"href":"https:\/\/elsotanoanalogico.com\/index.php\/wp-json\/wp\/v2\/posts\/1209","targetHints":{"allow":["GET"]}}],"collection":[{"href":"https:\/\/elsotanoanalogico.com\/index.php\/wp-json\/wp\/v2\/posts"}],"about":[{"href":"https:\/\/elsotanoanalogico.com\/index.php\/wp-json\/wp\/v2\/types\/post"}],"author":[{"embeddable":true,"href":"https:\/\/elsotanoanalogico.com\/index.php\/wp-json\/wp\/v2\/users\/2"}],"replies":[{"embeddable":true,"href":"https:\/\/elsotanoanalogico.com\/index.php\/wp-json\/wp\/v2\/comments?post=1209"}],"version-history":[{"count":1,"href":"https:\/\/elsotanoanalogico.com\/index.php\/wp-json\/wp\/v2\/posts\/1209\/revisions"}],"predecessor-version":[{"id":1211,"href":"https:\/\/elsotanoanalogico.com\/index.php\/wp-json\/wp\/v2\/posts\/1209\/revisions\/1211"}],"wp:attachment":[{"href":"https:\/\/elsotanoanalogico.com\/index.php\/wp-json\/wp\/v2\/media?parent=1209"}],"wp:term":[{"taxonomy":"category","embeddable":true,"href":"https:\/\/elsotanoanalogico.com\/index.php\/wp-json\/wp\/v2\/categories?post=1209"},{"taxonomy":"post_tag","embeddable":true,"href":"https:\/\/elsotanoanalogico.com\/index.php\/wp-json\/wp\/v2\/tags?post=1209"}],"curies":[{"name":"wp","href":"https:\/\/api.w.org\/{rel}","templated":true}]}}