{"id":1213,"date":"2024-04-15T11:46:58","date_gmt":"2024-04-15T10:46:58","guid":{"rendered":"https:\/\/elsotanoanalogico.com\/?p=1213"},"modified":"2024-04-15T11:47:40","modified_gmt":"2024-04-15T10:47:40","slug":"cira-rodriguez","status":"publish","type":"post","link":"https:\/\/elsotanoanalogico.com\/index.php\/2024\/04\/15\/cira-rodriguez\/","title":{"rendered":"Cira Rodr\u00edguez"},"content":{"rendered":"\n<figure class=\"wp-block-image size-large is-style-default\"><img loading=\"lazy\" decoding=\"async\" width=\"1024\" height=\"1024\" src=\"https:\/\/elsotanoanalogico.com\/wp-content\/uploads\/2024\/04\/cirarodriguez_2024-1024x1024.jpeg\" alt=\"\" class=\"wp-image-1214\" srcset=\"https:\/\/elsotanoanalogico.com\/wp-content\/uploads\/2024\/04\/cirarodriguez_2024-1024x1024.jpeg 1024w, https:\/\/elsotanoanalogico.com\/wp-content\/uploads\/2024\/04\/cirarodriguez_2024-300x300.jpeg 300w, https:\/\/elsotanoanalogico.com\/wp-content\/uploads\/2024\/04\/cirarodriguez_2024-150x150.jpeg 150w, https:\/\/elsotanoanalogico.com\/wp-content\/uploads\/2024\/04\/cirarodriguez_2024-768x768.jpeg 768w, https:\/\/elsotanoanalogico.com\/wp-content\/uploads\/2024\/04\/cirarodriguez_2024.jpeg 1080w\" sizes=\"auto, (max-width: 1024px) 100vw, 1024px\" \/><\/figure>\n\n\n\n<p>Un rinconcito \u00edntimo<br>Alejado de lo comercial<br>Con la cercan\u00eda del p\u00fablico<br>Emociones puras<br>Sin fuegos artificiales<\/p>\n\n\n\n<p>Esto encontrar\u00e1s el pr\u00f3ximo Viernes 19 de abril en el S\u00f3tano anal\u00f3gico. Empezamos puntuales a las 20:00h.<\/p>\n\n\n\n<p>Te aviso que en el local no hay cobertura, as\u00ed que disfrutar\u00e1s de una experiencia de total conexi\u00f3n.<\/p>\n\n\n\n<p>Entradas \ud83c\udf9f\ufe0f aqu\u00ed:<\/p>\n\n\n\n<p><a href=\"https:\/\/www.eventbrite.es\/e\/cira-en-el-sotano-analogico-tickets-874389411267\">https:\/\/www.eventbrite.es\/e\/cira-en-el-sotano-analogico-tickets-874389411267<\/a><\/p>\n","protected":false},"excerpt":{"rendered":"<p>Un rinconcito \u00edntimoAlejado de lo comercialCon la cercan\u00eda del p\u00fablicoEmociones purasSin fuegos artificiales Esto encontrar\u00e1s el pr\u00f3ximo Viernes 19 de abril en el S\u00f3tano anal\u00f3gico. Empezamos puntuales a las 20:00h. [&hellip;]<\/p>\n","protected":false},"author":2,"featured_media":0,"comment_status":"closed","ping_status":"closed","sticky":false,"template":"","format":"standard","meta":{"footnotes":""},"categories":[12,2,1],"tags":[],"class_list":["post-1213","post","type-post","status-publish","format-standard","hentry","category-conciertos","category-eventos","category-general"],"_links":{"self":[{"href":"https:\/\/elsotanoanalogico.com\/index.php\/wp-json\/wp\/v2\/posts\/1213","targetHints":{"allow":["GET"]}}],"collection":[{"href":"https:\/\/elsotanoanalogico.com\/index.php\/wp-json\/wp\/v2\/posts"}],"about":[{"href":"https:\/\/elsotanoanalogico.com\/index.php\/wp-json\/wp\/v2\/types\/post"}],"author":[{"embeddable":true,"href":"https:\/\/elsotanoanalogico.com\/index.php\/wp-json\/wp\/v2\/users\/2"}],"replies":[{"embeddable":true,"href":"https:\/\/elsotanoanalogico.com\/index.php\/wp-json\/wp\/v2\/comments?post=1213"}],"version-history":[{"count":3,"href":"https:\/\/elsotanoanalogico.com\/index.php\/wp-json\/wp\/v2\/posts\/1213\/revisions"}],"predecessor-version":[{"id":1217,"href":"https:\/\/elsotanoanalogico.com\/index.php\/wp-json\/wp\/v2\/posts\/1213\/revisions\/1217"}],"wp:attachment":[{"href":"https:\/\/elsotanoanalogico.com\/index.php\/wp-json\/wp\/v2\/media?parent=1213"}],"wp:term":[{"taxonomy":"category","embeddable":true,"href":"https:\/\/elsotanoanalogico.com\/index.php\/wp-json\/wp\/v2\/categories?post=1213"},{"taxonomy":"post_tag","embeddable":true,"href":"https:\/\/elsotanoanalogico.com\/index.php\/wp-json\/wp\/v2\/tags?post=1213"}],"curies":[{"name":"wp","href":"https:\/\/api.w.org\/{rel}","templated":true}]}}