{"id":1220,"date":"2024-04-15T15:10:24","date_gmt":"2024-04-15T14:10:24","guid":{"rendered":"https:\/\/elsotanoanalogico.com\/?p=1220"},"modified":"2024-04-15T15:10:24","modified_gmt":"2024-04-15T14:10:24","slug":"javla","status":"publish","type":"post","link":"https:\/\/elsotanoanalogico.com\/index.php\/2024\/04\/15\/javla\/","title":{"rendered":"J\u00e4vla"},"content":{"rendered":"\n<figure class=\"wp-block-image size-large is-style-default\"><img loading=\"lazy\" decoding=\"async\" width=\"1024\" height=\"819\" src=\"https:\/\/elsotanoanalogico.com\/wp-content\/uploads\/2024\/04\/javlamusica-2024_-1024x819.jpeg\" alt=\"\" class=\"wp-image-1221\" srcset=\"https:\/\/elsotanoanalogico.com\/wp-content\/uploads\/2024\/04\/javlamusica-2024_-1024x819.jpeg 1024w, https:\/\/elsotanoanalogico.com\/wp-content\/uploads\/2024\/04\/javlamusica-2024_-300x240.jpeg 300w, https:\/\/elsotanoanalogico.com\/wp-content\/uploads\/2024\/04\/javlamusica-2024_-768x614.jpeg 768w, https:\/\/elsotanoanalogico.com\/wp-content\/uploads\/2024\/04\/javlamusica-2024_-1200x960.jpeg 1200w, https:\/\/elsotanoanalogico.com\/wp-content\/uploads\/2024\/04\/javlamusica-2024_.jpeg 1350w\" sizes=\"auto, (max-width: 1024px) 100vw, 1024px\" \/><\/figure>\n\n\n\n<p>Concierto de la formaci\u00f3n musical emergente J\u00e4vla, en El S\u00f3tano Anal\u00f3gico, el <strong>s\u00e1bado 20 de abril a las 20:00 horas<\/strong>. Apertura de puertas a las 19:30.<\/p>\n\n\n\n<p>AlexClon, Juan J. \u00d1oki y Jacinto Ojeda son los impulsores de esta formaci\u00f3n, cuya musica se nutre de pop oscuro de producci\u00f3n electr\u00f3nica y bandas sonoras; todo con un gui\u00f1o teatral. Presentar\u00e1n su primer trabajo discogr\u00e1fico titulado M\u00edsero, que ya estrenaron en la Sala Insular de Teatro el 04 de noviembre.<\/p>\n\n\n\n<p>J\u00e4vla significa \u201cmaldito\u201d en sueco, y conecta con la mitad de la sangre escandinava de su vocalista Alex Clon, cantante de la desaparecida banda grancanaria Mondo Di\u00e1volo.<\/p>\n\n\n\n<p>M\u00edsero es un \u00e1lbum conceptual a modo de una creaci\u00f3n por cap\u00edtulos que explora las fases de la p\u00e9rdida de alguien querido, la depresi\u00f3n posterior y el viaje a los infiernos de la mente humana. Un disco que se antoja diferente respecto a las \u00faltimas producciones publicadas en el mercado insular, muy trabajado y con un mensaje claro y potente.<\/p>\n\n\n\n<p>Consigue tus entradas:<\/p>\n\n\n\n<p><a href=\"https:\/\/entradium.com\/events\/javla-en-sotano-analogico-el-20-04\">https:\/\/entradium.com\/events\/javla-en-sotano-analogico-el-20-04<\/a><\/p>\n","protected":false},"excerpt":{"rendered":"<p>Concierto de la formaci\u00f3n musical emergente J\u00e4vla, en El S\u00f3tano Anal\u00f3gico, el s\u00e1bado 20 de abril a las 20:00 horas. Apertura de puertas a las 19:30. AlexClon, Juan J. \u00d1oki [&hellip;]<\/p>\n","protected":false},"author":2,"featured_media":0,"comment_status":"closed","ping_status":"closed","sticky":false,"template":"","format":"standard","meta":{"footnotes":""},"categories":[12,2,1],"tags":[],"class_list":["post-1220","post","type-post","status-publish","format-standard","hentry","category-conciertos","category-eventos","category-general"],"_links":{"self":[{"href":"https:\/\/elsotanoanalogico.com\/index.php\/wp-json\/wp\/v2\/posts\/1220","targetHints":{"allow":["GET"]}}],"collection":[{"href":"https:\/\/elsotanoanalogico.com\/index.php\/wp-json\/wp\/v2\/posts"}],"about":[{"href":"https:\/\/elsotanoanalogico.com\/index.php\/wp-json\/wp\/v2\/types\/post"}],"author":[{"embeddable":true,"href":"https:\/\/elsotanoanalogico.com\/index.php\/wp-json\/wp\/v2\/users\/2"}],"replies":[{"embeddable":true,"href":"https:\/\/elsotanoanalogico.com\/index.php\/wp-json\/wp\/v2\/comments?post=1220"}],"version-history":[{"count":1,"href":"https:\/\/elsotanoanalogico.com\/index.php\/wp-json\/wp\/v2\/posts\/1220\/revisions"}],"predecessor-version":[{"id":1222,"href":"https:\/\/elsotanoanalogico.com\/index.php\/wp-json\/wp\/v2\/posts\/1220\/revisions\/1222"}],"wp:attachment":[{"href":"https:\/\/elsotanoanalogico.com\/index.php\/wp-json\/wp\/v2\/media?parent=1220"}],"wp:term":[{"taxonomy":"category","embeddable":true,"href":"https:\/\/elsotanoanalogico.com\/index.php\/wp-json\/wp\/v2\/categories?post=1220"},{"taxonomy":"post_tag","embeddable":true,"href":"https:\/\/elsotanoanalogico.com\/index.php\/wp-json\/wp\/v2\/tags?post=1220"}],"curies":[{"name":"wp","href":"https:\/\/api.w.org\/{rel}","templated":true}]}}