{"id":1289,"date":"2024-05-13T12:21:10","date_gmt":"2024-05-13T11:21:10","guid":{"rendered":"https:\/\/elsotanoanalogico.com\/?p=1289"},"modified":"2024-05-13T12:21:10","modified_gmt":"2024-05-13T11:21:10","slug":"daniel-cano-2","status":"publish","type":"post","link":"https:\/\/elsotanoanalogico.com\/index.php\/2024\/05\/13\/daniel-cano-2\/","title":{"rendered":"Daniel Cano"},"content":{"rendered":"\n<figure class=\"wp-block-image size-large is-style-default\"><img loading=\"lazy\" decoding=\"async\" width=\"576\" height=\"1024\" src=\"https:\/\/elsotanoanalogico.com\/wp-content\/uploads\/2024\/05\/Daniel-Cano_2024-576x1024.jpeg\" alt=\"\" class=\"wp-image-1290\" srcset=\"https:\/\/elsotanoanalogico.com\/wp-content\/uploads\/2024\/05\/Daniel-Cano_2024-576x1024.jpeg 576w, https:\/\/elsotanoanalogico.com\/wp-content\/uploads\/2024\/05\/Daniel-Cano_2024-169x300.jpeg 169w, https:\/\/elsotanoanalogico.com\/wp-content\/uploads\/2024\/05\/Daniel-Cano_2024.jpeg 608w\" sizes=\"auto, (max-width: 576px) 100vw, 576px\" \/><\/figure>\n\n\n\n<p>Concierto del cantautor Daniel Cano en el S\u00f3tano Anal\u00f3gico el S\u00e1bado 18 de mayo a las 20.00h. Apertura de puertas a las 19:\u00b730h.<\/p>\n\n\n\n<p>Consigue tus entradas aqu\u00ed:<\/p>\n\n\n\n<p><a href=\"https:\/\/entradium.com\/es\/events\/daniel-cano-en-el-sotano-analogico\">https:\/\/entradium.com\/es\/events\/daniel-cano-en-el-sotano-analogico<\/a><\/p>\n","protected":false},"excerpt":{"rendered":"<p>Concierto del cantautor Daniel Cano en el S\u00f3tano Anal\u00f3gico el S\u00e1bado 18 de mayo a las 20.00h. Apertura de puertas a las 19:\u00b730h. Consigue tus entradas aqu\u00ed: https:\/\/entradium.com\/es\/events\/daniel-cano-en-el-sotano-analogico<\/p>\n","protected":false},"author":2,"featured_media":0,"comment_status":"closed","ping_status":"closed","sticky":false,"template":"","format":"standard","meta":{"footnotes":""},"categories":[12,2,1],"tags":[],"class_list":["post-1289","post","type-post","status-publish","format-standard","hentry","category-conciertos","category-eventos","category-general"],"_links":{"self":[{"href":"https:\/\/elsotanoanalogico.com\/index.php\/wp-json\/wp\/v2\/posts\/1289","targetHints":{"allow":["GET"]}}],"collection":[{"href":"https:\/\/elsotanoanalogico.com\/index.php\/wp-json\/wp\/v2\/posts"}],"about":[{"href":"https:\/\/elsotanoanalogico.com\/index.php\/wp-json\/wp\/v2\/types\/post"}],"author":[{"embeddable":true,"href":"https:\/\/elsotanoanalogico.com\/index.php\/wp-json\/wp\/v2\/users\/2"}],"replies":[{"embeddable":true,"href":"https:\/\/elsotanoanalogico.com\/index.php\/wp-json\/wp\/v2\/comments?post=1289"}],"version-history":[{"count":1,"href":"https:\/\/elsotanoanalogico.com\/index.php\/wp-json\/wp\/v2\/posts\/1289\/revisions"}],"predecessor-version":[{"id":1291,"href":"https:\/\/elsotanoanalogico.com\/index.php\/wp-json\/wp\/v2\/posts\/1289\/revisions\/1291"}],"wp:attachment":[{"href":"https:\/\/elsotanoanalogico.com\/index.php\/wp-json\/wp\/v2\/media?parent=1289"}],"wp:term":[{"taxonomy":"category","embeddable":true,"href":"https:\/\/elsotanoanalogico.com\/index.php\/wp-json\/wp\/v2\/categories?post=1289"},{"taxonomy":"post_tag","embeddable":true,"href":"https:\/\/elsotanoanalogico.com\/index.php\/wp-json\/wp\/v2\/tags?post=1289"}],"curies":[{"name":"wp","href":"https:\/\/api.w.org\/{rel}","templated":true}]}}