{"id":1323,"date":"2024-06-10T13:16:16","date_gmt":"2024-06-10T12:16:16","guid":{"rendered":"https:\/\/elsotanoanalogico.com\/?p=1323"},"modified":"2024-06-10T13:16:16","modified_gmt":"2024-06-10T12:16:16","slug":"rita-dalton","status":"publish","type":"post","link":"https:\/\/elsotanoanalogico.com\/index.php\/2024\/06\/10\/rita-dalton\/","title":{"rendered":"Rita Dalton"},"content":{"rendered":"\n<figure class=\"wp-block-image size-large is-style-default\"><img loading=\"lazy\" decoding=\"async\" width=\"1024\" height=\"1024\" src=\"https:\/\/elsotanoanalogico.com\/wp-content\/uploads\/2024\/06\/ritadalton2024-1024x1024.jpeg\" alt=\"\" class=\"wp-image-1325\" srcset=\"https:\/\/elsotanoanalogico.com\/wp-content\/uploads\/2024\/06\/ritadalton2024-1024x1024.jpeg 1024w, https:\/\/elsotanoanalogico.com\/wp-content\/uploads\/2024\/06\/ritadalton2024-300x300.jpeg 300w, https:\/\/elsotanoanalogico.com\/wp-content\/uploads\/2024\/06\/ritadalton2024-150x150.jpeg 150w, https:\/\/elsotanoanalogico.com\/wp-content\/uploads\/2024\/06\/ritadalton2024-768x768.jpeg 768w, https:\/\/elsotanoanalogico.com\/wp-content\/uploads\/2024\/06\/ritadalton2024-1200x1200.jpeg 1200w, https:\/\/elsotanoanalogico.com\/wp-content\/uploads\/2024\/06\/ritadalton2024.jpeg 1500w\" sizes=\"auto, (max-width: 1024px) 100vw, 1024px\" \/><\/figure>\n\n\n\n<p>Utilizando el lenguaje del rock como lienzo, RitaDalton esboza retratos musicales donde describen la fuerza y la lucha de las mujeres ,que al final es la lucha de todos los seres humanos .<\/p>\n\n\n\n<p>Con composiciones y textos originales de la pianista Margarita Galv\u00e1n y la exquisita producci\u00f3n del m\u00fasico Carlos Ramos ( Dalton) ,poniendo su larga experiencia heredada de proyectos con Los Dalton ,Hermanitas ,Vicious Soul,Brutalizzed Kids o Miniatura; RitaDalton ponen lazo de terciopelo a un contenido contundente y directo .Y adem\u00e1s en esta ocasi\u00f3n presentan su primer EP: Fakir.<br><br>Apertura de <strong>puertas a las 19:30, concierto a las 20:00h<\/strong>.<\/p>\n\n\n\n<p><br><strong>10\u20ac anticipada<\/strong><br>12\u20ac en puerta (solo efectivo)<\/p>\n\n\n\n<p><a href=\"https:\/\/entradium.com\/events\/rita-dalton-las-palmas-de-gran-canaria\">https:\/\/entradium.com\/events\/rita-dalton-las-palmas-de-gran-canaria<\/a><\/p>\n","protected":false},"excerpt":{"rendered":"<p>Utilizando el lenguaje del rock como lienzo, RitaDalton esboza retratos musicales donde describen la fuerza y la lucha de las mujeres ,que al final es la lucha de todos los [&hellip;]<\/p>\n","protected":false},"author":2,"featured_media":0,"comment_status":"open","ping_status":"open","sticky":false,"template":"","format":"standard","meta":{"footnotes":""},"categories":[12,2,1],"tags":[],"class_list":["post-1323","post","type-post","status-publish","format-standard","hentry","category-conciertos","category-eventos","category-general"],"_links":{"self":[{"href":"https:\/\/elsotanoanalogico.com\/index.php\/wp-json\/wp\/v2\/posts\/1323","targetHints":{"allow":["GET"]}}],"collection":[{"href":"https:\/\/elsotanoanalogico.com\/index.php\/wp-json\/wp\/v2\/posts"}],"about":[{"href":"https:\/\/elsotanoanalogico.com\/index.php\/wp-json\/wp\/v2\/types\/post"}],"author":[{"embeddable":true,"href":"https:\/\/elsotanoanalogico.com\/index.php\/wp-json\/wp\/v2\/users\/2"}],"replies":[{"embeddable":true,"href":"https:\/\/elsotanoanalogico.com\/index.php\/wp-json\/wp\/v2\/comments?post=1323"}],"version-history":[{"count":1,"href":"https:\/\/elsotanoanalogico.com\/index.php\/wp-json\/wp\/v2\/posts\/1323\/revisions"}],"predecessor-version":[{"id":1326,"href":"https:\/\/elsotanoanalogico.com\/index.php\/wp-json\/wp\/v2\/posts\/1323\/revisions\/1326"}],"wp:attachment":[{"href":"https:\/\/elsotanoanalogico.com\/index.php\/wp-json\/wp\/v2\/media?parent=1323"}],"wp:term":[{"taxonomy":"category","embeddable":true,"href":"https:\/\/elsotanoanalogico.com\/index.php\/wp-json\/wp\/v2\/categories?post=1323"},{"taxonomy":"post_tag","embeddable":true,"href":"https:\/\/elsotanoanalogico.com\/index.php\/wp-json\/wp\/v2\/tags?post=1323"}],"curies":[{"name":"wp","href":"https:\/\/api.w.org\/{rel}","templated":true}]}}