{"id":1347,"date":"2024-06-25T12:04:36","date_gmt":"2024-06-25T11:04:36","guid":{"rendered":"https:\/\/elsotanoanalogico.com\/?p=1347"},"modified":"2024-06-25T12:04:36","modified_gmt":"2024-06-25T11:04:36","slug":"ukd","status":"publish","type":"post","link":"https:\/\/elsotanoanalogico.com\/index.php\/2024\/06\/25\/ukd\/","title":{"rendered":"UKD"},"content":{"rendered":"\n<figure class=\"wp-block-image size-large is-style-default\"><img loading=\"lazy\" decoding=\"async\" width=\"1024\" height=\"1024\" src=\"https:\/\/elsotanoanalogico.com\/wp-content\/uploads\/2024\/06\/ukd_2024_-1024x1024.jpg\" alt=\"\" class=\"wp-image-1348\" srcset=\"https:\/\/elsotanoanalogico.com\/wp-content\/uploads\/2024\/06\/ukd_2024_-1024x1024.jpg 1024w, https:\/\/elsotanoanalogico.com\/wp-content\/uploads\/2024\/06\/ukd_2024_-300x300.jpg 300w, https:\/\/elsotanoanalogico.com\/wp-content\/uploads\/2024\/06\/ukd_2024_-150x150.jpg 150w, https:\/\/elsotanoanalogico.com\/wp-content\/uploads\/2024\/06\/ukd_2024_-768x768.jpg 768w, https:\/\/elsotanoanalogico.com\/wp-content\/uploads\/2024\/06\/ukd_2024_.jpg 1080w\" sizes=\"auto, (max-width: 1024px) 100vw, 1024px\" \/><\/figure>\n\n\n\n<p><strong>all.one<\/strong> presenta a <strong>ukd<\/strong> en el S\u00f3tano Anal\u00f3gico. El artista Tinerfe\u00f1o promete una noche llena de m\u00fasica derivada del hip hop alternativo, el indie, el lofi y el rnb sin perder sus ra\u00edces latinas. Descubre a <strong>ukd<\/strong> en una de las salas m\u00e1s caracter\u00edsticas de Las Palmas de Gran Canaria.<\/p>\n\n\n\n<p><strong>ENTRADAS AGOTADAS<\/strong><\/p>\n","protected":false},"excerpt":{"rendered":"<p>all.one presenta a ukd en el S\u00f3tano Anal\u00f3gico. El artista Tinerfe\u00f1o promete una noche llena de m\u00fasica derivada del hip hop alternativo, el indie, el lofi y el rnb sin [&hellip;]<\/p>\n","protected":false},"author":2,"featured_media":0,"comment_status":"closed","ping_status":"closed","sticky":false,"template":"","format":"standard","meta":{"footnotes":""},"categories":[12,2,1],"tags":[],"class_list":["post-1347","post","type-post","status-publish","format-standard","hentry","category-conciertos","category-eventos","category-general"],"_links":{"self":[{"href":"https:\/\/elsotanoanalogico.com\/index.php\/wp-json\/wp\/v2\/posts\/1347","targetHints":{"allow":["GET"]}}],"collection":[{"href":"https:\/\/elsotanoanalogico.com\/index.php\/wp-json\/wp\/v2\/posts"}],"about":[{"href":"https:\/\/elsotanoanalogico.com\/index.php\/wp-json\/wp\/v2\/types\/post"}],"author":[{"embeddable":true,"href":"https:\/\/elsotanoanalogico.com\/index.php\/wp-json\/wp\/v2\/users\/2"}],"replies":[{"embeddable":true,"href":"https:\/\/elsotanoanalogico.com\/index.php\/wp-json\/wp\/v2\/comments?post=1347"}],"version-history":[{"count":1,"href":"https:\/\/elsotanoanalogico.com\/index.php\/wp-json\/wp\/v2\/posts\/1347\/revisions"}],"predecessor-version":[{"id":1349,"href":"https:\/\/elsotanoanalogico.com\/index.php\/wp-json\/wp\/v2\/posts\/1347\/revisions\/1349"}],"wp:attachment":[{"href":"https:\/\/elsotanoanalogico.com\/index.php\/wp-json\/wp\/v2\/media?parent=1347"}],"wp:term":[{"taxonomy":"category","embeddable":true,"href":"https:\/\/elsotanoanalogico.com\/index.php\/wp-json\/wp\/v2\/categories?post=1347"},{"taxonomy":"post_tag","embeddable":true,"href":"https:\/\/elsotanoanalogico.com\/index.php\/wp-json\/wp\/v2\/tags?post=1347"}],"curies":[{"name":"wp","href":"https:\/\/api.w.org\/{rel}","templated":true}]}}