{"id":1361,"date":"2024-07-06T15:50:23","date_gmt":"2024-07-06T14:50:23","guid":{"rendered":"https:\/\/elsotanoanalogico.com\/?p=1361"},"modified":"2024-07-06T15:50:23","modified_gmt":"2024-07-06T14:50:23","slug":"juan-gallardo","status":"publish","type":"post","link":"https:\/\/elsotanoanalogico.com\/index.php\/2024\/07\/06\/juan-gallardo\/","title":{"rendered":"Juan Gallardo"},"content":{"rendered":"\n<figure class=\"wp-block-image size-full is-style-default\"><img loading=\"lazy\" decoding=\"async\" width=\"750\" height=\"750\" src=\"https:\/\/elsotanoanalogico.com\/wp-content\/uploads\/2024\/07\/juan_gallardo_4842370485819558578_n.jpg\" alt=\"\" class=\"wp-image-1363\" srcset=\"https:\/\/elsotanoanalogico.com\/wp-content\/uploads\/2024\/07\/juan_gallardo_4842370485819558578_n.jpg 750w, https:\/\/elsotanoanalogico.com\/wp-content\/uploads\/2024\/07\/juan_gallardo_4842370485819558578_n-300x300.jpg 300w, https:\/\/elsotanoanalogico.com\/wp-content\/uploads\/2024\/07\/juan_gallardo_4842370485819558578_n-150x150.jpg 150w\" sizes=\"auto, (max-width: 750px) 100vw, 750px\" \/><\/figure>\n\n\n\n<p>No pierdas esta oportunidad \u00fanica de vivir una noche de buena m\u00fasica con el cantautor sevillado Juan Gallardo por primera vez en #elsotanoanalogico <br>Este ser\u00e1 \u00faltimo evento antes de El S\u00f3tano Anal\u00f3gico Fest. <\/p>\n\n\n\n<p>\ud83d\udccd C\/ Tom\u00e1s Morales, 16 <\/p>\n\n\n\n<p>\ud83d\uddd3\ufe0f S\u00e1bado 13 de julio <\/p>\n\n\n\n<p>\u23f0 20:00h (puntuales)<\/p>\n\n\n\n<p>\u00a1Nos vemos all\u00ed! \ud83c\udfa4\ud83c\udfb5<\/p>\n\n\n\n<p>Entradas (incluyen consumici\u00f3n)<br><a href=\"https:\/\/entradium.com\/events\/juan-gallardo-las-palmas-de-gran-canaria\">https:\/\/entradium.com\/events\/juan-gallardo-las-palmas-de-gran-canaria<\/a><\/p>\n","protected":false},"excerpt":{"rendered":"<p>No pierdas esta oportunidad \u00fanica de vivir una noche de buena m\u00fasica con el cantautor sevillado Juan Gallardo por primera vez en #elsotanoanalogico Este ser\u00e1 \u00faltimo evento antes de El [&hellip;]<\/p>\n","protected":false},"author":2,"featured_media":0,"comment_status":"closed","ping_status":"closed","sticky":false,"template":"","format":"standard","meta":{"footnotes":""},"categories":[12,2,1],"tags":[],"class_list":["post-1361","post","type-post","status-publish","format-standard","hentry","category-conciertos","category-eventos","category-general"],"_links":{"self":[{"href":"https:\/\/elsotanoanalogico.com\/index.php\/wp-json\/wp\/v2\/posts\/1361","targetHints":{"allow":["GET"]}}],"collection":[{"href":"https:\/\/elsotanoanalogico.com\/index.php\/wp-json\/wp\/v2\/posts"}],"about":[{"href":"https:\/\/elsotanoanalogico.com\/index.php\/wp-json\/wp\/v2\/types\/post"}],"author":[{"embeddable":true,"href":"https:\/\/elsotanoanalogico.com\/index.php\/wp-json\/wp\/v2\/users\/2"}],"replies":[{"embeddable":true,"href":"https:\/\/elsotanoanalogico.com\/index.php\/wp-json\/wp\/v2\/comments?post=1361"}],"version-history":[{"count":1,"href":"https:\/\/elsotanoanalogico.com\/index.php\/wp-json\/wp\/v2\/posts\/1361\/revisions"}],"predecessor-version":[{"id":1364,"href":"https:\/\/elsotanoanalogico.com\/index.php\/wp-json\/wp\/v2\/posts\/1361\/revisions\/1364"}],"wp:attachment":[{"href":"https:\/\/elsotanoanalogico.com\/index.php\/wp-json\/wp\/v2\/media?parent=1361"}],"wp:term":[{"taxonomy":"category","embeddable":true,"href":"https:\/\/elsotanoanalogico.com\/index.php\/wp-json\/wp\/v2\/categories?post=1361"},{"taxonomy":"post_tag","embeddable":true,"href":"https:\/\/elsotanoanalogico.com\/index.php\/wp-json\/wp\/v2\/tags?post=1361"}],"curies":[{"name":"wp","href":"https:\/\/api.w.org\/{rel}","templated":true}]}}