{"id":1382,"date":"2024-08-26T18:45:35","date_gmt":"2024-08-26T17:45:35","guid":{"rendered":"https:\/\/elsotanoanalogico.com\/?p=1382"},"modified":"2024-08-26T18:46:18","modified_gmt":"2024-08-26T17:46:18","slug":"el-marido-ideal","status":"publish","type":"post","link":"https:\/\/elsotanoanalogico.com\/index.php\/2024\/08\/26\/el-marido-ideal\/","title":{"rendered":"El Marido Ideal"},"content":{"rendered":"\n<figure class=\"wp-block-image size-large\"><img loading=\"lazy\" decoding=\"async\" width=\"819\" height=\"1024\" src=\"https:\/\/elsotanoanalogico.com\/wp-content\/uploads\/2024\/08\/elmaridoidealparati-2024-819x1024.jpeg\" alt=\"\" class=\"wp-image-1383\" srcset=\"https:\/\/elsotanoanalogico.com\/wp-content\/uploads\/2024\/08\/elmaridoidealparati-2024-819x1024.jpeg 819w, https:\/\/elsotanoanalogico.com\/wp-content\/uploads\/2024\/08\/elmaridoidealparati-2024-240x300.jpeg 240w, https:\/\/elsotanoanalogico.com\/wp-content\/uploads\/2024\/08\/elmaridoidealparati-2024-768x960.jpeg 768w, https:\/\/elsotanoanalogico.com\/wp-content\/uploads\/2024\/08\/elmaridoidealparati-2024-1229x1536.jpeg 1229w, https:\/\/elsotanoanalogico.com\/wp-content\/uploads\/2024\/08\/elmaridoidealparati-2024-1200x1500.jpeg 1200w, https:\/\/elsotanoanalogico.com\/wp-content\/uploads\/2024\/08\/elmaridoidealparati-2024.jpeg 1440w\" sizes=\"auto, (max-width: 819px) 100vw, 819px\" \/><\/figure>\n\n\n\n<p>Se viene el fin de una era, como dir\u00eda Taylor.<\/p>\n\n\n\n<p>El pr\u00f3ximo viernes 13 de septiembre se cerrar\u00e1 al fin el ciclo de conciertos \u00abEl Matrimonio Tradicional\u00bb de El Marido Ideal, en Las Palmas de Gran Canaria con su cap\u00edtulo final: \u00abEl Divorcio\u00bb, en El S\u00f3tano Anal\u00f3gico.<\/p>\n\n\n\n<p><br>El Marido Ideal cierra una etapa con el \u00faltimo cap\u00edtulo de El Matrimonio Tradicional, ciclo de conciertos con el cual lleva presentando su \u00e1lbum debut, Catarsis de Segunda Mano en Baja Resoluci\u00f3n, desde hace ya m\u00e1s de un a\u00f1o. En esta entrega, titulada El Divorcio, se da fin a una \u00abera\u00bb \u2013tal y como dir\u00eda Taylor Swift\u2013 que ha presenciado la entrada de este particular cantautor parido por Internet en el imaginario colectivo de la m\u00fasica alternativa canaria y la escena independiente nacional. Concluyendo esta serie de directos en su ciudad natal, donde adem\u00e1s tuvo la oportunidad de tocar en marzo de este mismo a\u00f1o como finalista del concurso de bandas del Festival Sonora, El Marido Ideal despide con cari\u00f1o su tiempo como debutante para dar paso al nuevo universo musical que tiene preparado<\/p>\n\n\n\n<p>Entradas en <a href=\"https:\/\/entradium.com\/events\/el-marido-ideal-en-las-palmas-de-gran-canaria\">https:\/\/entradium.com\/events\/el-marido-ideal-en-las-palmas-de-gran-canaria<\/a> <\/p>\n","protected":false},"excerpt":{"rendered":"<p>Se viene el fin de una era, como dir\u00eda Taylor. El pr\u00f3ximo viernes 13 de septiembre se cerrar\u00e1 al fin el ciclo de conciertos \u00abEl Matrimonio Tradicional\u00bb de El Marido [&hellip;]<\/p>\n","protected":false},"author":2,"featured_media":0,"comment_status":"closed","ping_status":"closed","sticky":false,"template":"","format":"standard","meta":{"footnotes":""},"categories":[12,2,1],"tags":[],"class_list":["post-1382","post","type-post","status-publish","format-standard","hentry","category-conciertos","category-eventos","category-general"],"_links":{"self":[{"href":"https:\/\/elsotanoanalogico.com\/index.php\/wp-json\/wp\/v2\/posts\/1382","targetHints":{"allow":["GET"]}}],"collection":[{"href":"https:\/\/elsotanoanalogico.com\/index.php\/wp-json\/wp\/v2\/posts"}],"about":[{"href":"https:\/\/elsotanoanalogico.com\/index.php\/wp-json\/wp\/v2\/types\/post"}],"author":[{"embeddable":true,"href":"https:\/\/elsotanoanalogico.com\/index.php\/wp-json\/wp\/v2\/users\/2"}],"replies":[{"embeddable":true,"href":"https:\/\/elsotanoanalogico.com\/index.php\/wp-json\/wp\/v2\/comments?post=1382"}],"version-history":[{"count":1,"href":"https:\/\/elsotanoanalogico.com\/index.php\/wp-json\/wp\/v2\/posts\/1382\/revisions"}],"predecessor-version":[{"id":1384,"href":"https:\/\/elsotanoanalogico.com\/index.php\/wp-json\/wp\/v2\/posts\/1382\/revisions\/1384"}],"wp:attachment":[{"href":"https:\/\/elsotanoanalogico.com\/index.php\/wp-json\/wp\/v2\/media?parent=1382"}],"wp:term":[{"taxonomy":"category","embeddable":true,"href":"https:\/\/elsotanoanalogico.com\/index.php\/wp-json\/wp\/v2\/categories?post=1382"},{"taxonomy":"post_tag","embeddable":true,"href":"https:\/\/elsotanoanalogico.com\/index.php\/wp-json\/wp\/v2\/tags?post=1382"}],"curies":[{"name":"wp","href":"https:\/\/api.w.org\/{rel}","templated":true}]}}