{"id":1386,"date":"2024-08-29T10:32:18","date_gmt":"2024-08-29T09:32:18","guid":{"rendered":"https:\/\/elsotanoanalogico.com\/?p=1386"},"modified":"2024-08-29T10:32:18","modified_gmt":"2024-08-29T09:32:18","slug":"capiro-co","status":"publish","type":"post","link":"https:\/\/elsotanoanalogico.com\/index.php\/2024\/08\/29\/capiro-co\/","title":{"rendered":"Capiro &amp; Co"},"content":{"rendered":"\n<figure class=\"wp-block-image size-full\"><img loading=\"lazy\" decoding=\"async\" width=\"720\" height=\"509\" src=\"https:\/\/elsotanoanalogico.com\/wp-content\/uploads\/2024\/08\/capiro.jpg\" alt=\"\" class=\"wp-image-1387\" srcset=\"https:\/\/elsotanoanalogico.com\/wp-content\/uploads\/2024\/08\/capiro.jpg 720w, https:\/\/elsotanoanalogico.com\/wp-content\/uploads\/2024\/08\/capiro-300x212.jpg 300w\" sizes=\"auto, (max-width: 720px) 100vw, 720px\" \/><\/figure>\n\n\n\n<p><strong>CAPIRO<\/strong> es un cantautor canario, que lleva aproximadamente veinte a\u00f1os componiendo. A mediados del 2022, decide editar su repertorio y monta la banda de Rock CAPIRO &amp; Co.<\/p>\n\n\n\n<p>En este momento, cuenta con dos trabajos publicados en todas las plataformas musicales, Un EP Clarividencia, y un LP Detr\u00e1s de cada verso.<\/p>\n\n\n\n<p>En la actualidad, est\u00e1 inmerso en una gira con tres cantautores m\u00e1s, que recorrer\u00e1n puntos a nivel regional, nacional e internacional, para dar a conocer sus trabajos.<\/p>\n\n\n\n<p>El catorce de Septiembre, hacemos una parada en El S\u00f3tano Anal\u00f3gico, el <strong>s\u00e1bado 14 de septiembre a las 20:00h<\/strong>. Donde ofreceremos a d\u00fao, con Francis, guitarra y segundas voces de la banda un concierto donde el resto de instrumentos ser\u00e1n disparados en secuencias para poder ofrecer una experiencia \u00edntima pero a su vez potente.<\/p>\n\n\n\n<p><strong>Entradas aqu\u00ed:<\/strong><\/p>\n\n\n\n<p><a href=\"https:\/\/entradium.com\/es\/events\/capiro-co-las-palmas-gran-canaria\">https:\/\/entradium.com\/es\/events\/capiro-co-las-palmas-gran-canaria<\/a><\/p>\n","protected":false},"excerpt":{"rendered":"<p>CAPIRO es un cantautor canario, que lleva aproximadamente veinte a\u00f1os componiendo. A mediados del 2022, decide editar su repertorio y monta la banda de Rock CAPIRO &amp; Co. En este [&hellip;]<\/p>\n","protected":false},"author":2,"featured_media":0,"comment_status":"closed","ping_status":"closed","sticky":false,"template":"","format":"standard","meta":{"footnotes":""},"categories":[12,2,1],"tags":[],"class_list":["post-1386","post","type-post","status-publish","format-standard","hentry","category-conciertos","category-eventos","category-general"],"_links":{"self":[{"href":"https:\/\/elsotanoanalogico.com\/index.php\/wp-json\/wp\/v2\/posts\/1386","targetHints":{"allow":["GET"]}}],"collection":[{"href":"https:\/\/elsotanoanalogico.com\/index.php\/wp-json\/wp\/v2\/posts"}],"about":[{"href":"https:\/\/elsotanoanalogico.com\/index.php\/wp-json\/wp\/v2\/types\/post"}],"author":[{"embeddable":true,"href":"https:\/\/elsotanoanalogico.com\/index.php\/wp-json\/wp\/v2\/users\/2"}],"replies":[{"embeddable":true,"href":"https:\/\/elsotanoanalogico.com\/index.php\/wp-json\/wp\/v2\/comments?post=1386"}],"version-history":[{"count":1,"href":"https:\/\/elsotanoanalogico.com\/index.php\/wp-json\/wp\/v2\/posts\/1386\/revisions"}],"predecessor-version":[{"id":1388,"href":"https:\/\/elsotanoanalogico.com\/index.php\/wp-json\/wp\/v2\/posts\/1386\/revisions\/1388"}],"wp:attachment":[{"href":"https:\/\/elsotanoanalogico.com\/index.php\/wp-json\/wp\/v2\/media?parent=1386"}],"wp:term":[{"taxonomy":"category","embeddable":true,"href":"https:\/\/elsotanoanalogico.com\/index.php\/wp-json\/wp\/v2\/categories?post=1386"},{"taxonomy":"post_tag","embeddable":true,"href":"https:\/\/elsotanoanalogico.com\/index.php\/wp-json\/wp\/v2\/tags?post=1386"}],"curies":[{"name":"wp","href":"https:\/\/api.w.org\/{rel}","templated":true}]}}