{"id":1390,"date":"2024-09-16T14:12:29","date_gmt":"2024-09-16T13:12:29","guid":{"rendered":"https:\/\/elsotanoanalogico.com\/?p=1390"},"modified":"2024-09-16T14:12:29","modified_gmt":"2024-09-16T13:12:29","slug":"open-mic-7","status":"publish","type":"post","link":"https:\/\/elsotanoanalogico.com\/index.php\/2024\/09\/16\/open-mic-7\/","title":{"rendered":"Open Mic"},"content":{"rendered":"\n<figure class=\"wp-block-image size-large\"><img loading=\"lazy\" decoding=\"async\" width=\"1024\" height=\"1024\" src=\"https:\/\/elsotanoanalogico.com\/wp-content\/uploads\/2024\/09\/openmic_1-1024x1024.jpg\" alt=\"\" class=\"wp-image-1392\" srcset=\"https:\/\/elsotanoanalogico.com\/wp-content\/uploads\/2024\/09\/openmic_1-1024x1024.jpg 1024w, https:\/\/elsotanoanalogico.com\/wp-content\/uploads\/2024\/09\/openmic_1-300x300.jpg 300w, https:\/\/elsotanoanalogico.com\/wp-content\/uploads\/2024\/09\/openmic_1-150x150.jpg 150w, https:\/\/elsotanoanalogico.com\/wp-content\/uploads\/2024\/09\/openmic_1-768x768.jpg 768w, https:\/\/elsotanoanalogico.com\/wp-content\/uploads\/2024\/09\/openmic_1-1536x1536.jpg 1536w, https:\/\/elsotanoanalogico.com\/wp-content\/uploads\/2024\/09\/openmic_1-1200x1200.jpg 1200w, https:\/\/elsotanoanalogico.com\/wp-content\/uploads\/2024\/09\/openmic_1-1980x1980.jpg 1980w, https:\/\/elsotanoanalogico.com\/wp-content\/uploads\/2024\/09\/openmic_1.jpg 2000w\" sizes=\"auto, (max-width: 1024px) 100vw, 1024px\" \/><\/figure>\n\n\n\n<p>\u00a1Atenci\u00f3n a todos los m\u00fasicos y cantantes! Esta es tu oportunidad de compartir tu talento con nosotros.<\/p>\n\n\n\n<p>En El S\u00f3tano Anal\u00f3gico tendremos un Open Mic el viernes 20 de septiembre a las 19:30h. Invitamos a toda la gente, tanto a quienes se subir\u00e1n por primera vez al escenario como a los que ya llevan tiempo tocando.<\/p>\n\n\n\n<p>Ven y disfruta de una noche llena de m\u00fasica y buena vibra. \u00a1Te esperamos! \ud83c\udfb6<\/p>\n\n\n\n<p>#elsotanoanalogico #openmic #laspalmas #microabierto<\/p>\n","protected":false},"excerpt":{"rendered":"<p>\u00a1Atenci\u00f3n a todos los m\u00fasicos y cantantes! Esta es tu oportunidad de compartir tu talento con nosotros. En El S\u00f3tano Anal\u00f3gico tendremos un Open Mic el viernes 20 de septiembre [&hellip;]<\/p>\n","protected":false},"author":2,"featured_media":0,"comment_status":"closed","ping_status":"closed","sticky":false,"template":"","format":"standard","meta":{"footnotes":""},"categories":[12,2,1,54],"tags":[],"class_list":["post-1390","post","type-post","status-publish","format-standard","hentry","category-conciertos","category-eventos","category-general","category-open-mic"],"_links":{"self":[{"href":"https:\/\/elsotanoanalogico.com\/index.php\/wp-json\/wp\/v2\/posts\/1390","targetHints":{"allow":["GET"]}}],"collection":[{"href":"https:\/\/elsotanoanalogico.com\/index.php\/wp-json\/wp\/v2\/posts"}],"about":[{"href":"https:\/\/elsotanoanalogico.com\/index.php\/wp-json\/wp\/v2\/types\/post"}],"author":[{"embeddable":true,"href":"https:\/\/elsotanoanalogico.com\/index.php\/wp-json\/wp\/v2\/users\/2"}],"replies":[{"embeddable":true,"href":"https:\/\/elsotanoanalogico.com\/index.php\/wp-json\/wp\/v2\/comments?post=1390"}],"version-history":[{"count":1,"href":"https:\/\/elsotanoanalogico.com\/index.php\/wp-json\/wp\/v2\/posts\/1390\/revisions"}],"predecessor-version":[{"id":1393,"href":"https:\/\/elsotanoanalogico.com\/index.php\/wp-json\/wp\/v2\/posts\/1390\/revisions\/1393"}],"wp:attachment":[{"href":"https:\/\/elsotanoanalogico.com\/index.php\/wp-json\/wp\/v2\/media?parent=1390"}],"wp:term":[{"taxonomy":"category","embeddable":true,"href":"https:\/\/elsotanoanalogico.com\/index.php\/wp-json\/wp\/v2\/categories?post=1390"},{"taxonomy":"post_tag","embeddable":true,"href":"https:\/\/elsotanoanalogico.com\/index.php\/wp-json\/wp\/v2\/tags?post=1390"}],"curies":[{"name":"wp","href":"https:\/\/api.w.org\/{rel}","templated":true}]}}