{"id":1400,"date":"2024-09-23T14:47:35","date_gmt":"2024-09-23T13:47:35","guid":{"rendered":"https:\/\/elsotanoanalogico.com\/?p=1400"},"modified":"2024-09-23T14:47:35","modified_gmt":"2024-09-23T13:47:35","slug":"manu-echeva","status":"publish","type":"post","link":"https:\/\/elsotanoanalogico.com\/index.php\/2024\/09\/23\/manu-echeva\/","title":{"rendered":"Manu Echeva"},"content":{"rendered":"\n<figure class=\"wp-block-image size-large\"><img loading=\"lazy\" decoding=\"async\" width=\"724\" height=\"1024\" src=\"https:\/\/elsotanoanalogico.com\/wp-content\/uploads\/2024\/09\/ManuEcheva_01-724x1024.jpeg\" alt=\"\" class=\"wp-image-1402\" srcset=\"https:\/\/elsotanoanalogico.com\/wp-content\/uploads\/2024\/09\/ManuEcheva_01-724x1024.jpeg 724w, https:\/\/elsotanoanalogico.com\/wp-content\/uploads\/2024\/09\/ManuEcheva_01-212x300.jpeg 212w, https:\/\/elsotanoanalogico.com\/wp-content\/uploads\/2024\/09\/ManuEcheva_01-768x1086.jpeg 768w, https:\/\/elsotanoanalogico.com\/wp-content\/uploads\/2024\/09\/ManuEcheva_01-1086x1536.jpeg 1086w, https:\/\/elsotanoanalogico.com\/wp-content\/uploads\/2024\/09\/ManuEcheva_01.jpeg 1131w\" sizes=\"auto, (max-width: 724px) 100vw, 724px\" \/><\/figure>\n\n\n\n<p><strong>Manu Echeva<\/strong>, el palmero que \u00abescribe cosas y las canta\u00bb, estar\u00e1 el 27 de septiembre en El S\u00f3tano Anal\u00f3gico presentando en ac\u00fastico los temas de su primer EP \u201cLas canciones que hay en mi\u201d, un proyecto en el que predomina el rock, aunque juega con los sonidos de la m\u00fasica latina y la canci\u00f3n de autor.<\/p>\n\n\n\n<p><strong>Pilla tu anticipada aqu\u00ed:<\/strong><\/p>\n\n\n\n<p><a href=\"https:\/\/entradium.com\/es\/events\/manu-echeva-en-acustico\">https:\/\/entradium.com\/es\/events\/manu-echeva-en-acustico<\/a><\/p>\n","protected":false},"excerpt":{"rendered":"<p>Manu Echeva, el palmero que \u00abescribe cosas y las canta\u00bb, estar\u00e1 el 27 de septiembre en El S\u00f3tano Anal\u00f3gico presentando en ac\u00fastico los temas de su primer EP \u201cLas canciones [&hellip;]<\/p>\n","protected":false},"author":2,"featured_media":0,"comment_status":"closed","ping_status":"closed","sticky":false,"template":"","format":"standard","meta":{"footnotes":""},"categories":[12,2,1],"tags":[],"class_list":["post-1400","post","type-post","status-publish","format-standard","hentry","category-conciertos","category-eventos","category-general"],"_links":{"self":[{"href":"https:\/\/elsotanoanalogico.com\/index.php\/wp-json\/wp\/v2\/posts\/1400","targetHints":{"allow":["GET"]}}],"collection":[{"href":"https:\/\/elsotanoanalogico.com\/index.php\/wp-json\/wp\/v2\/posts"}],"about":[{"href":"https:\/\/elsotanoanalogico.com\/index.php\/wp-json\/wp\/v2\/types\/post"}],"author":[{"embeddable":true,"href":"https:\/\/elsotanoanalogico.com\/index.php\/wp-json\/wp\/v2\/users\/2"}],"replies":[{"embeddable":true,"href":"https:\/\/elsotanoanalogico.com\/index.php\/wp-json\/wp\/v2\/comments?post=1400"}],"version-history":[{"count":1,"href":"https:\/\/elsotanoanalogico.com\/index.php\/wp-json\/wp\/v2\/posts\/1400\/revisions"}],"predecessor-version":[{"id":1403,"href":"https:\/\/elsotanoanalogico.com\/index.php\/wp-json\/wp\/v2\/posts\/1400\/revisions\/1403"}],"wp:attachment":[{"href":"https:\/\/elsotanoanalogico.com\/index.php\/wp-json\/wp\/v2\/media?parent=1400"}],"wp:term":[{"taxonomy":"category","embeddable":true,"href":"https:\/\/elsotanoanalogico.com\/index.php\/wp-json\/wp\/v2\/categories?post=1400"},{"taxonomy":"post_tag","embeddable":true,"href":"https:\/\/elsotanoanalogico.com\/index.php\/wp-json\/wp\/v2\/tags?post=1400"}],"curies":[{"name":"wp","href":"https:\/\/api.w.org\/{rel}","templated":true}]}}