{"id":1412,"date":"2024-10-07T14:40:45","date_gmt":"2024-10-07T13:40:45","guid":{"rendered":"https:\/\/elsotanoanalogico.com\/?p=1412"},"modified":"2024-10-07T14:41:49","modified_gmt":"2024-10-07T13:41:49","slug":"sako","status":"publish","type":"post","link":"https:\/\/elsotanoanalogico.com\/index.php\/2024\/10\/07\/sako\/","title":{"rendered":"Sako"},"content":{"rendered":"\n<figure class=\"wp-block-image size-full\"><img loading=\"lazy\" decoding=\"async\" width=\"640\" height=\"800\" src=\"https:\/\/elsotanoanalogico.com\/wp-content\/uploads\/2024\/10\/SAKO-2024.jpg\" alt=\"\" class=\"wp-image-1415\" srcset=\"https:\/\/elsotanoanalogico.com\/wp-content\/uploads\/2024\/10\/SAKO-2024.jpg 640w, https:\/\/elsotanoanalogico.com\/wp-content\/uploads\/2024\/10\/SAKO-2024-240x300.jpg 240w\" sizes=\"auto, (max-width: 640px) 100vw, 640px\" \/><\/figure>\n\n\n\n<p>Se va a celebrar un evento especial en las instalaciones de El S\u00f3tano Anal\u00f3gico en el que tendremos la actuaciones del invitado tinerfe\u00f1o \u201cSako\u201d el cual nos trae un show en vivo en el que tendremos actuaciones de su catalogo de varios g\u00e9neros como: RnB, Trap soul y musica urbana. Ademas de presentar un nuevo proyecto de manera in\u00e9dita.<\/p>\n\n\n\n<p>\u2193\u2193Entradas <strong>anticipadas 5\u20ac<\/strong> (Incluida una consumici\u00f3n). Aqu\u00ed \u2193\u2193<\/p>\n\n\n\n<p><a href=\"https:\/\/entradium.com\/events\/sako-en-el-sotano-analogico\/sessions\/11-10-2024-20-00-el-sotano-analogico\">https:\/\/entradium.com\/events\/sako-en-el-sotano-analogico\/sessions\/11-10-2024-20-00-el-sotano-analogico<\/a><\/p>\n\n\n\n<p>Entrada en taquilla 7\u20ac (incluida una consumici\u00f3n).<\/p>\n\n\n\n<p>Nos vemos el d\u00eda (Viernes 11 de Octubre de 2024) en el S\u00f3tano Anal\u00f3gico, Gran Canaria.<\/p>\n","protected":false},"excerpt":{"rendered":"<p>Se va a celebrar un evento especial en las instalaciones de El S\u00f3tano Anal\u00f3gico en el que tendremos la actuaciones del invitado tinerfe\u00f1o \u201cSako\u201d el cual nos trae un show [&hellip;]<\/p>\n","protected":false},"author":2,"featured_media":0,"comment_status":"closed","ping_status":"closed","sticky":false,"template":"","format":"standard","meta":{"footnotes":""},"categories":[12,2,1],"tags":[],"class_list":["post-1412","post","type-post","status-publish","format-standard","hentry","category-conciertos","category-eventos","category-general"],"_links":{"self":[{"href":"https:\/\/elsotanoanalogico.com\/index.php\/wp-json\/wp\/v2\/posts\/1412","targetHints":{"allow":["GET"]}}],"collection":[{"href":"https:\/\/elsotanoanalogico.com\/index.php\/wp-json\/wp\/v2\/posts"}],"about":[{"href":"https:\/\/elsotanoanalogico.com\/index.php\/wp-json\/wp\/v2\/types\/post"}],"author":[{"embeddable":true,"href":"https:\/\/elsotanoanalogico.com\/index.php\/wp-json\/wp\/v2\/users\/2"}],"replies":[{"embeddable":true,"href":"https:\/\/elsotanoanalogico.com\/index.php\/wp-json\/wp\/v2\/comments?post=1412"}],"version-history":[{"count":1,"href":"https:\/\/elsotanoanalogico.com\/index.php\/wp-json\/wp\/v2\/posts\/1412\/revisions"}],"predecessor-version":[{"id":1416,"href":"https:\/\/elsotanoanalogico.com\/index.php\/wp-json\/wp\/v2\/posts\/1412\/revisions\/1416"}],"wp:attachment":[{"href":"https:\/\/elsotanoanalogico.com\/index.php\/wp-json\/wp\/v2\/media?parent=1412"}],"wp:term":[{"taxonomy":"category","embeddable":true,"href":"https:\/\/elsotanoanalogico.com\/index.php\/wp-json\/wp\/v2\/categories?post=1412"},{"taxonomy":"post_tag","embeddable":true,"href":"https:\/\/elsotanoanalogico.com\/index.php\/wp-json\/wp\/v2\/tags?post=1412"}],"curies":[{"name":"wp","href":"https:\/\/api.w.org\/{rel}","templated":true}]}}