{"id":1435,"date":"2024-11-04T14:21:53","date_gmt":"2024-11-04T14:21:53","guid":{"rendered":"https:\/\/elsotanoanalogico.com\/?p=1435"},"modified":"2024-11-04T14:23:20","modified_gmt":"2024-11-04T14:23:20","slug":"san-borondon-vs-flying-padre","status":"publish","type":"post","link":"https:\/\/elsotanoanalogico.com\/index.php\/2024\/11\/04\/san-borondon-vs-flying-padre\/","title":{"rendered":"San Borond\u00f3n VS Flying Padre"},"content":{"rendered":"\n<figure class=\"wp-block-image size-full\"><img loading=\"lazy\" decoding=\"async\" width=\"720\" height=\"720\" src=\"https:\/\/elsotanoanalogico.com\/wp-content\/uploads\/2024\/11\/SanBorondon_VS_FlyingPadre_ADF01EF.jpg\" alt=\"\" class=\"wp-image-1437\" srcset=\"https:\/\/elsotanoanalogico.com\/wp-content\/uploads\/2024\/11\/SanBorondon_VS_FlyingPadre_ADF01EF.jpg 720w, https:\/\/elsotanoanalogico.com\/wp-content\/uploads\/2024\/11\/SanBorondon_VS_FlyingPadre_ADF01EF-300x300.jpg 300w, https:\/\/elsotanoanalogico.com\/wp-content\/uploads\/2024\/11\/SanBorondon_VS_FlyingPadre_ADF01EF-150x150.jpg 150w\" sizes=\"auto, (max-width: 720px) 100vw, 720px\" \/><\/figure>\n\n\n\n<p>Este viernes estar\u00e1 la fusi\u00f3n de San Borond\u00f3n con Flying Padre en El S\u00f3tano Anal\u00f3gico haciendo nuestro show de emotr\u00f3nica ante un p\u00fablico reducido. <\/p>\n\n\n\n<p>El aforo es m\u00ednimo as\u00ed que si quieren pasarse reserven un huequito desde ya en el link de entradium:<\/p>\n\n\n\n<p><a href=\"https:\/\/entradium.com\/events\/san-borondon-vs-flying-padre\">https:\/\/entradium.com\/events\/san-borondon-vs-flying-padre<\/a><\/p>\n\n\n\n<p>Apertura de puertas a las 19:30h concierto puntual a las 20:00h.<\/p>\n","protected":false},"excerpt":{"rendered":"<p>Este viernes estar\u00e1 la fusi\u00f3n de San Borond\u00f3n con Flying Padre en El S\u00f3tano Anal\u00f3gico haciendo nuestro show de emotr\u00f3nica ante un p\u00fablico reducido. El aforo es m\u00ednimo as\u00ed que [&hellip;]<\/p>\n","protected":false},"author":2,"featured_media":0,"comment_status":"closed","ping_status":"closed","sticky":false,"template":"","format":"standard","meta":{"footnotes":""},"categories":[12,2,1],"tags":[],"class_list":["post-1435","post","type-post","status-publish","format-standard","hentry","category-conciertos","category-eventos","category-general"],"_links":{"self":[{"href":"https:\/\/elsotanoanalogico.com\/index.php\/wp-json\/wp\/v2\/posts\/1435","targetHints":{"allow":["GET"]}}],"collection":[{"href":"https:\/\/elsotanoanalogico.com\/index.php\/wp-json\/wp\/v2\/posts"}],"about":[{"href":"https:\/\/elsotanoanalogico.com\/index.php\/wp-json\/wp\/v2\/types\/post"}],"author":[{"embeddable":true,"href":"https:\/\/elsotanoanalogico.com\/index.php\/wp-json\/wp\/v2\/users\/2"}],"replies":[{"embeddable":true,"href":"https:\/\/elsotanoanalogico.com\/index.php\/wp-json\/wp\/v2\/comments?post=1435"}],"version-history":[{"count":2,"href":"https:\/\/elsotanoanalogico.com\/index.php\/wp-json\/wp\/v2\/posts\/1435\/revisions"}],"predecessor-version":[{"id":1440,"href":"https:\/\/elsotanoanalogico.com\/index.php\/wp-json\/wp\/v2\/posts\/1435\/revisions\/1440"}],"wp:attachment":[{"href":"https:\/\/elsotanoanalogico.com\/index.php\/wp-json\/wp\/v2\/media?parent=1435"}],"wp:term":[{"taxonomy":"category","embeddable":true,"href":"https:\/\/elsotanoanalogico.com\/index.php\/wp-json\/wp\/v2\/categories?post=1435"},{"taxonomy":"post_tag","embeddable":true,"href":"https:\/\/elsotanoanalogico.com\/index.php\/wp-json\/wp\/v2\/tags?post=1435"}],"curies":[{"name":"wp","href":"https:\/\/api.w.org\/{rel}","templated":true}]}}