{"id":1449,"date":"2024-11-18T14:06:34","date_gmt":"2024-11-18T14:06:34","guid":{"rendered":"https:\/\/elsotanoanalogico.com\/?p=1449"},"modified":"2024-11-18T14:06:34","modified_gmt":"2024-11-18T14:06:34","slug":"ramon-betancor-3","status":"publish","type":"post","link":"https:\/\/elsotanoanalogico.com\/index.php\/2024\/11\/18\/ramon-betancor-3\/","title":{"rendered":"Ram\u00f3n Betancor"},"content":{"rendered":"\n<figure class=\"wp-block-image size-large\"><img loading=\"lazy\" decoding=\"async\" width=\"768\" height=\"1024\" src=\"https:\/\/elsotanoanalogico.com\/wp-content\/uploads\/2024\/11\/RamonBetancor-22nov2024-768x1024.jpeg\" alt=\"\" class=\"wp-image-1451\" srcset=\"https:\/\/elsotanoanalogico.com\/wp-content\/uploads\/2024\/11\/RamonBetancor-22nov2024-768x1024.jpeg 768w, https:\/\/elsotanoanalogico.com\/wp-content\/uploads\/2024\/11\/RamonBetancor-22nov2024-225x300.jpeg 225w, https:\/\/elsotanoanalogico.com\/wp-content\/uploads\/2024\/11\/RamonBetancor-22nov2024.jpeg 960w\" sizes=\"auto, (max-width: 768px) 100vw, 768px\" \/><\/figure>\n\n\n\n<p>Ram\u00f3n Betancor vuelve al S\u00f3tano Anal\u00f3gico para ofrecer un concierto \u00edntimo para un aforo reducido. Repasar\u00e1 las canciones que le llevan a\u00f1os acompa\u00f1ando y adelantar\u00e1 temas de lo que ser\u00e1 su pr\u00f3ximo disco. Estar\u00e1 acompa\u00f1ado, como es habitual, por la guitarra de Nau L\u00f3pez.<\/p>\n\n\n\n<p>El s\u00e1bado 23 de noviembre, no te lo pierdas. Pilla las entradas anticipadas aqu\u00ed:<\/p>\n\n\n\n<p><a href=\"https:\/\/entradium.com\/events\/ramon-betancor-en-concierto-las-palmas-de-gran-canaria\">https:\/\/entradium.com\/events\/ramon-betancor-en-concierto-las-palmas-de-gran-canaria<\/a><\/p>\n\n\n\n<p><\/p>\n","protected":false},"excerpt":{"rendered":"<p>Ram\u00f3n Betancor vuelve al S\u00f3tano Anal\u00f3gico para ofrecer un concierto \u00edntimo para un aforo reducido. Repasar\u00e1 las canciones que le llevan a\u00f1os acompa\u00f1ando y adelantar\u00e1 temas de lo que ser\u00e1 [&hellip;]<\/p>\n","protected":false},"author":2,"featured_media":0,"comment_status":"closed","ping_status":"closed","sticky":false,"template":"","format":"standard","meta":{"footnotes":""},"categories":[12,2,1],"tags":[],"class_list":["post-1449","post","type-post","status-publish","format-standard","hentry","category-conciertos","category-eventos","category-general"],"_links":{"self":[{"href":"https:\/\/elsotanoanalogico.com\/index.php\/wp-json\/wp\/v2\/posts\/1449","targetHints":{"allow":["GET"]}}],"collection":[{"href":"https:\/\/elsotanoanalogico.com\/index.php\/wp-json\/wp\/v2\/posts"}],"about":[{"href":"https:\/\/elsotanoanalogico.com\/index.php\/wp-json\/wp\/v2\/types\/post"}],"author":[{"embeddable":true,"href":"https:\/\/elsotanoanalogico.com\/index.php\/wp-json\/wp\/v2\/users\/2"}],"replies":[{"embeddable":true,"href":"https:\/\/elsotanoanalogico.com\/index.php\/wp-json\/wp\/v2\/comments?post=1449"}],"version-history":[{"count":1,"href":"https:\/\/elsotanoanalogico.com\/index.php\/wp-json\/wp\/v2\/posts\/1449\/revisions"}],"predecessor-version":[{"id":1452,"href":"https:\/\/elsotanoanalogico.com\/index.php\/wp-json\/wp\/v2\/posts\/1449\/revisions\/1452"}],"wp:attachment":[{"href":"https:\/\/elsotanoanalogico.com\/index.php\/wp-json\/wp\/v2\/media?parent=1449"}],"wp:term":[{"taxonomy":"category","embeddable":true,"href":"https:\/\/elsotanoanalogico.com\/index.php\/wp-json\/wp\/v2\/categories?post=1449"},{"taxonomy":"post_tag","embeddable":true,"href":"https:\/\/elsotanoanalogico.com\/index.php\/wp-json\/wp\/v2\/tags?post=1449"}],"curies":[{"name":"wp","href":"https:\/\/api.w.org\/{rel}","templated":true}]}}