{"id":148,"date":"2021-11-08T21:22:04","date_gmt":"2021-11-08T21:22:04","guid":{"rendered":"https:\/\/elsotanoanalogico.com\/?p=148"},"modified":"2021-11-08T21:24:38","modified_gmt":"2021-11-08T21:24:38","slug":"proyeccion-ya-no-estoy-aqui","status":"publish","type":"post","link":"https:\/\/elsotanoanalogico.com\/index.php\/2021\/11\/08\/proyeccion-ya-no-estoy-aqui\/","title":{"rendered":"Proyecci\u00f3n: Ya No Estoy Aqu\u00ed"},"content":{"rendered":"\n<p>Proyecci\u00f3n y Debate.<\/p>\n\n\n\n<figure class=\"wp-block-image size-large\"><img loading=\"lazy\" decoding=\"async\" width=\"1024\" height=\"1024\" src=\"https:\/\/elsotanoanalogico.com\/wp-content\/uploads\/2021\/11\/Ya-no-estoy-aqui_elsotanoanalogico-1-1024x1024.jpg\" alt=\"\" class=\"wp-image-150\" srcset=\"https:\/\/elsotanoanalogico.com\/wp-content\/uploads\/2021\/11\/Ya-no-estoy-aqui_elsotanoanalogico-1-1024x1024.jpg 1024w, https:\/\/elsotanoanalogico.com\/wp-content\/uploads\/2021\/11\/Ya-no-estoy-aqui_elsotanoanalogico-1-300x300.jpg 300w, https:\/\/elsotanoanalogico.com\/wp-content\/uploads\/2021\/11\/Ya-no-estoy-aqui_elsotanoanalogico-1-150x150.jpg 150w, https:\/\/elsotanoanalogico.com\/wp-content\/uploads\/2021\/11\/Ya-no-estoy-aqui_elsotanoanalogico-1-768x768.jpg 768w, https:\/\/elsotanoanalogico.com\/wp-content\/uploads\/2021\/11\/Ya-no-estoy-aqui_elsotanoanalogico-1-1200x1200.jpg 1200w, https:\/\/elsotanoanalogico.com\/wp-content\/uploads\/2021\/11\/Ya-no-estoy-aqui_elsotanoanalogico-1.jpg 1237w\" sizes=\"auto, (max-width: 1024px) 100vw, 1024px\" \/><\/figure>\n\n\n\n<p>Proyecci\u00f3n de la pel\u00edcula: Ya No Estoy Aqu\u00ed<\/p>\n\n\n\n<p>Debate: Tecnolog\u00eda anal\u00f3gica y nuevos movimientos (contra) culturales<\/p>\n\n\n\n<p>S\u00e1bado 13 de noviembre 2021. Apertura de puertas a las 19:00h.<\/p>\n","protected":false},"excerpt":{"rendered":"<p>Proyecci\u00f3n y Debate. Proyecci\u00f3n de la pel\u00edcula: Ya No Estoy Aqu\u00ed Debate: Tecnolog\u00eda anal\u00f3gica y nuevos movimientos (contra) culturales S\u00e1bado 13 de noviembre 2021. Apertura de puertas a las 19:00h.<\/p>\n","protected":false},"author":2,"featured_media":0,"comment_status":"closed","ping_status":"closed","sticky":false,"template":"","format":"standard","meta":{"footnotes":""},"categories":[13,11],"tags":[],"class_list":["post-148","post","type-post","status-publish","format-standard","hentry","category-proyecciones","category-tertulia"],"_links":{"self":[{"href":"https:\/\/elsotanoanalogico.com\/index.php\/wp-json\/wp\/v2\/posts\/148","targetHints":{"allow":["GET"]}}],"collection":[{"href":"https:\/\/elsotanoanalogico.com\/index.php\/wp-json\/wp\/v2\/posts"}],"about":[{"href":"https:\/\/elsotanoanalogico.com\/index.php\/wp-json\/wp\/v2\/types\/post"}],"author":[{"embeddable":true,"href":"https:\/\/elsotanoanalogico.com\/index.php\/wp-json\/wp\/v2\/users\/2"}],"replies":[{"embeddable":true,"href":"https:\/\/elsotanoanalogico.com\/index.php\/wp-json\/wp\/v2\/comments?post=148"}],"version-history":[{"count":2,"href":"https:\/\/elsotanoanalogico.com\/index.php\/wp-json\/wp\/v2\/posts\/148\/revisions"}],"predecessor-version":[{"id":153,"href":"https:\/\/elsotanoanalogico.com\/index.php\/wp-json\/wp\/v2\/posts\/148\/revisions\/153"}],"wp:attachment":[{"href":"https:\/\/elsotanoanalogico.com\/index.php\/wp-json\/wp\/v2\/media?parent=148"}],"wp:term":[{"taxonomy":"category","embeddable":true,"href":"https:\/\/elsotanoanalogico.com\/index.php\/wp-json\/wp\/v2\/categories?post=148"},{"taxonomy":"post_tag","embeddable":true,"href":"https:\/\/elsotanoanalogico.com\/index.php\/wp-json\/wp\/v2\/tags?post=148"}],"curies":[{"name":"wp","href":"https:\/\/api.w.org\/{rel}","templated":true}]}}