{"id":1481,"date":"2024-12-05T13:47:48","date_gmt":"2024-12-05T13:47:48","guid":{"rendered":"https:\/\/elsotanoanalogico.com\/?p=1481"},"modified":"2024-12-05T14:00:35","modified_gmt":"2024-12-05T14:00:35","slug":"m-oznari-modofocoide","status":"publish","type":"post","link":"https:\/\/elsotanoanalogico.com\/index.php\/2024\/12\/05\/m-oznari-modofocoide\/","title":{"rendered":"M Oznari &amp; Modofocoide"},"content":{"rendered":"\n<figure class=\"wp-block-image size-large\"><img loading=\"lazy\" decoding=\"async\" width=\"724\" height=\"1024\" src=\"https:\/\/elsotanoanalogico.com\/wp-content\/uploads\/2024\/12\/m.oznari.modofocoide.2024.CARTEL-A4-724x1024.jpg\" alt=\"\" class=\"wp-image-1489\" srcset=\"https:\/\/elsotanoanalogico.com\/wp-content\/uploads\/2024\/12\/m.oznari.modofocoide.2024.CARTEL-A4-724x1024.jpg 724w, https:\/\/elsotanoanalogico.com\/wp-content\/uploads\/2024\/12\/m.oznari.modofocoide.2024.CARTEL-A4-212x300.jpg 212w, https:\/\/elsotanoanalogico.com\/wp-content\/uploads\/2024\/12\/m.oznari.modofocoide.2024.CARTEL-A4-768x1086.jpg 768w, https:\/\/elsotanoanalogico.com\/wp-content\/uploads\/2024\/12\/m.oznari.modofocoide.2024.CARTEL-A4-1086x1536.jpg 1086w, https:\/\/elsotanoanalogico.com\/wp-content\/uploads\/2024\/12\/m.oznari.modofocoide.2024.CARTEL-A4-1448x2048.jpg 1448w, https:\/\/elsotanoanalogico.com\/wp-content\/uploads\/2024\/12\/m.oznari.modofocoide.2024.CARTEL-A4-1200x1697.jpg 1200w, https:\/\/elsotanoanalogico.com\/wp-content\/uploads\/2024\/12\/m.oznari.modofocoide.2024.CARTEL-A4-1980x2801.jpg 1980w, https:\/\/elsotanoanalogico.com\/wp-content\/uploads\/2024\/12\/m.oznari.modofocoide.2024.CARTEL-A4-scaled.jpg 1810w\" sizes=\"auto, (max-width: 724px) 100vw, 724px\" \/><\/figure>\n\n\n\n<p>\u26a1\ufe0fViernes 13 dic a las 20:00h en El S\u00f3tano Anal\u00f3gico\u26a1\ufe0f Modofocoide comentan que compartir\u00e1n escenario con M Oznari que aterrizar\u00e1 por primera vez en G.C., lo descubrieron hace poco en Lala Music Fest y les flip\u00f3 su directo, \u00a1muy recomendable!<br>\ud83d\udc49 \u00a1\u00a1\u00daltimo evento del a\u00f1o en El S\u00f3tano Anal\u00f3gico!!<br>\ud83d\udc49 Entradas anticipadas a 10\u20ac, o 12\u20ac en puerta (si hay aforo y solo en efectivo).<\/p>\n\n\n\n<p>Dos grupos por el precio de uno. Nos vemos el a\u00f1o que viene.<\/p>\n\n\n\n<p>Consigue aqu\u00ed las entradas:<br><a href=\"https:\/\/entradium.com\/events\/m-oznari-modofocoide\">https:\/\/entradium.com\/events\/m-oznari-modofocoide<\/a><\/p>\n","protected":false},"excerpt":{"rendered":"<p>\u26a1\ufe0fViernes 13 dic a las 20:00h en El S\u00f3tano Anal\u00f3gico\u26a1\ufe0f Modofocoide comentan que compartir\u00e1n escenario con M Oznari que aterrizar\u00e1 por primera vez en G.C., lo descubrieron hace poco en [&hellip;]<\/p>\n","protected":false},"author":2,"featured_media":0,"comment_status":"closed","ping_status":"","sticky":false,"template":"","format":"standard","meta":{"footnotes":""},"categories":[12,2,1],"tags":[],"class_list":["post-1481","post","type-post","status-publish","format-standard","hentry","category-conciertos","category-eventos","category-general"],"_links":{"self":[{"href":"https:\/\/elsotanoanalogico.com\/index.php\/wp-json\/wp\/v2\/posts\/1481","targetHints":{"allow":["GET"]}}],"collection":[{"href":"https:\/\/elsotanoanalogico.com\/index.php\/wp-json\/wp\/v2\/posts"}],"about":[{"href":"https:\/\/elsotanoanalogico.com\/index.php\/wp-json\/wp\/v2\/types\/post"}],"author":[{"embeddable":true,"href":"https:\/\/elsotanoanalogico.com\/index.php\/wp-json\/wp\/v2\/users\/2"}],"replies":[{"embeddable":true,"href":"https:\/\/elsotanoanalogico.com\/index.php\/wp-json\/wp\/v2\/comments?post=1481"}],"version-history":[{"count":2,"href":"https:\/\/elsotanoanalogico.com\/index.php\/wp-json\/wp\/v2\/posts\/1481\/revisions"}],"predecessor-version":[{"id":1492,"href":"https:\/\/elsotanoanalogico.com\/index.php\/wp-json\/wp\/v2\/posts\/1481\/revisions\/1492"}],"wp:attachment":[{"href":"https:\/\/elsotanoanalogico.com\/index.php\/wp-json\/wp\/v2\/media?parent=1481"}],"wp:term":[{"taxonomy":"category","embeddable":true,"href":"https:\/\/elsotanoanalogico.com\/index.php\/wp-json\/wp\/v2\/categories?post=1481"},{"taxonomy":"post_tag","embeddable":true,"href":"https:\/\/elsotanoanalogico.com\/index.php\/wp-json\/wp\/v2\/tags?post=1481"}],"curies":[{"name":"wp","href":"https:\/\/api.w.org\/{rel}","templated":true}]}}