{"id":1505,"date":"2025-01-10T19:08:59","date_gmt":"2025-01-10T19:08:59","guid":{"rendered":"https:\/\/elsotanoanalogico.com\/?p=1505"},"modified":"2025-01-10T19:08:59","modified_gmt":"2025-01-10T19:08:59","slug":"daniel-cano-3","status":"publish","type":"post","link":"https:\/\/elsotanoanalogico.com\/index.php\/2025\/01\/10\/daniel-cano-3\/","title":{"rendered":"Daniel Cano"},"content":{"rendered":"\n<figure class=\"wp-block-image size-large\"><img loading=\"lazy\" decoding=\"async\" width=\"1024\" height=\"1005\" src=\"https:\/\/elsotanoanalogico.com\/wp-content\/uploads\/2025\/01\/Danielcano-enero2025-1024x1005.jpeg\" alt=\"\" class=\"wp-image-1506\" srcset=\"https:\/\/elsotanoanalogico.com\/wp-content\/uploads\/2025\/01\/Danielcano-enero2025-1024x1005.jpeg 1024w, https:\/\/elsotanoanalogico.com\/wp-content\/uploads\/2025\/01\/Danielcano-enero2025-300x295.jpeg 300w, https:\/\/elsotanoanalogico.com\/wp-content\/uploads\/2025\/01\/Danielcano-enero2025-768x754.jpeg 768w, https:\/\/elsotanoanalogico.com\/wp-content\/uploads\/2025\/01\/Danielcano-enero2025.jpeg 1100w\" sizes=\"auto, (max-width: 1024px) 100vw, 1024px\" \/><\/figure>\n\n\n\n<p>El s\u00e1bado 18 de enero Daniel Cano tiene la maravillosa oportunidad de volver a compartir concierto con dos buenos compa\u00f1eros de m\u00fasica y de vida, el cantautor Jos\u00e9 Artiles y el percusionista Paco Sosa en el S\u00f3tano Anal\u00f3gico a las 20:00h. Te esperamos.<\/p>\n\n\n\n<p>Las entradas se podr\u00e1n adquirir anticipadas en:<\/p>\n\n\n\n<p><a href=\"https:\/\/entradium.com\/events\/recital-de-cantautores\">https:\/\/entradium.com\/events\/recital-de-cantautores<\/a><\/p>\n\n\n\n<p><\/p>\n","protected":false},"excerpt":{"rendered":"<p>El s\u00e1bado 18 de enero Daniel Cano tiene la maravillosa oportunidad de volver a compartir concierto con dos buenos compa\u00f1eros de m\u00fasica y de vida, el cantautor Jos\u00e9 Artiles y [&hellip;]<\/p>\n","protected":false},"author":2,"featured_media":0,"comment_status":"closed","ping_status":"","sticky":false,"template":"","format":"standard","meta":{"footnotes":""},"categories":[12,2,1],"tags":[],"class_list":["post-1505","post","type-post","status-publish","format-standard","hentry","category-conciertos","category-eventos","category-general"],"_links":{"self":[{"href":"https:\/\/elsotanoanalogico.com\/index.php\/wp-json\/wp\/v2\/posts\/1505","targetHints":{"allow":["GET"]}}],"collection":[{"href":"https:\/\/elsotanoanalogico.com\/index.php\/wp-json\/wp\/v2\/posts"}],"about":[{"href":"https:\/\/elsotanoanalogico.com\/index.php\/wp-json\/wp\/v2\/types\/post"}],"author":[{"embeddable":true,"href":"https:\/\/elsotanoanalogico.com\/index.php\/wp-json\/wp\/v2\/users\/2"}],"replies":[{"embeddable":true,"href":"https:\/\/elsotanoanalogico.com\/index.php\/wp-json\/wp\/v2\/comments?post=1505"}],"version-history":[{"count":1,"href":"https:\/\/elsotanoanalogico.com\/index.php\/wp-json\/wp\/v2\/posts\/1505\/revisions"}],"predecessor-version":[{"id":1507,"href":"https:\/\/elsotanoanalogico.com\/index.php\/wp-json\/wp\/v2\/posts\/1505\/revisions\/1507"}],"wp:attachment":[{"href":"https:\/\/elsotanoanalogico.com\/index.php\/wp-json\/wp\/v2\/media?parent=1505"}],"wp:term":[{"taxonomy":"category","embeddable":true,"href":"https:\/\/elsotanoanalogico.com\/index.php\/wp-json\/wp\/v2\/categories?post=1505"},{"taxonomy":"post_tag","embeddable":true,"href":"https:\/\/elsotanoanalogico.com\/index.php\/wp-json\/wp\/v2\/tags?post=1505"}],"curies":[{"name":"wp","href":"https:\/\/api.w.org\/{rel}","templated":true}]}}