{"id":1511,"date":"2025-01-20T16:11:50","date_gmt":"2025-01-20T16:11:50","guid":{"rendered":"https:\/\/elsotanoanalogico.com\/?p=1511"},"modified":"2025-01-20T16:11:50","modified_gmt":"2025-01-20T16:11:50","slug":"oty-santana-igneo","status":"publish","type":"post","link":"https:\/\/elsotanoanalogico.com\/index.php\/2025\/01\/20\/oty-santana-igneo\/","title":{"rendered":"Oty Santana &#8211; \u00cdgneo"},"content":{"rendered":"<div class=\"wp-block-image\">\n<figure class=\"aligncenter size-large is-resized\"><img loading=\"lazy\" decoding=\"async\" width=\"576\" height=\"1024\" src=\"https:\/\/elsotanoanalogico.com\/wp-content\/uploads\/2025\/01\/oty.escribe-20250108_160928-AQPNOo-576x1024.png\" alt=\"\" class=\"wp-image-1513\" style=\"width:446px;height:auto\" srcset=\"https:\/\/elsotanoanalogico.com\/wp-content\/uploads\/2025\/01\/oty.escribe-20250108_160928-AQPNOo-576x1024.png 576w, https:\/\/elsotanoanalogico.com\/wp-content\/uploads\/2025\/01\/oty.escribe-20250108_160928-AQPNOo-169x300.png 169w, https:\/\/elsotanoanalogico.com\/wp-content\/uploads\/2025\/01\/oty.escribe-20250108_160928-AQPNOo.png 720w\" sizes=\"auto, (max-width: 576px) 100vw, 576px\" \/><\/figure>\n<\/div>\n\n\n<p>\u00a1Arrancamos el 2025 con poes\u00eda, m\u00fasica y buen rollito!<\/p>\n\n\n\n<p>Prep\u00e1rate para una noche donde las palabras bailan y los versos suenan casi m\u00e1s afinados que una guitarra canaria. Volvemos a subirnos al escenario con un pisquito de arte y chispa, esa que te deja diciendo: \u00ab\u00a1Chacho, esto hay que vivirlo!\u00bb<\/p>\n\n\n\n<p>\ud83d\udccd En\u00a0El S\u00f3tano Anal\u00f3gico (Las Palmas)<\/p>\n\n\n\n<p>\ud83d\udcc5 \u00bfCu\u00e1ndo? El s\u00e1bado 25 de enero a las 20:00h.<\/p>\n\n\n\n<p>\ud83c\udf81 \u00bfHabr\u00e1 sorpresas? \u00a1Claro, mi ni\u00f1a! Pero si te lo contamos todo, \u00bfd\u00f3nde queda el misterio?<\/p>\n\n\n\n<p><a href=\"https:\/\/entradium.com\/events\/igneo\">https:\/\/entradium.com\/events\/igneo<\/a><\/p>\n","protected":false},"excerpt":{"rendered":"<p>\u00a1Arrancamos el 2025 con poes\u00eda, m\u00fasica y buen rollito! Prep\u00e1rate para una noche donde las palabras bailan y los versos suenan casi m\u00e1s afinados que una guitarra canaria. Volvemos a [&hellip;]<\/p>\n","protected":false},"author":2,"featured_media":0,"comment_status":"closed","ping_status":"","sticky":false,"template":"","format":"standard","meta":{"footnotes":""},"categories":[2,1,15],"tags":[],"class_list":["post-1511","post","type-post","status-publish","format-standard","hentry","category-eventos","category-general","category-recital"],"_links":{"self":[{"href":"https:\/\/elsotanoanalogico.com\/index.php\/wp-json\/wp\/v2\/posts\/1511","targetHints":{"allow":["GET"]}}],"collection":[{"href":"https:\/\/elsotanoanalogico.com\/index.php\/wp-json\/wp\/v2\/posts"}],"about":[{"href":"https:\/\/elsotanoanalogico.com\/index.php\/wp-json\/wp\/v2\/types\/post"}],"author":[{"embeddable":true,"href":"https:\/\/elsotanoanalogico.com\/index.php\/wp-json\/wp\/v2\/users\/2"}],"replies":[{"embeddable":true,"href":"https:\/\/elsotanoanalogico.com\/index.php\/wp-json\/wp\/v2\/comments?post=1511"}],"version-history":[{"count":1,"href":"https:\/\/elsotanoanalogico.com\/index.php\/wp-json\/wp\/v2\/posts\/1511\/revisions"}],"predecessor-version":[{"id":1514,"href":"https:\/\/elsotanoanalogico.com\/index.php\/wp-json\/wp\/v2\/posts\/1511\/revisions\/1514"}],"wp:attachment":[{"href":"https:\/\/elsotanoanalogico.com\/index.php\/wp-json\/wp\/v2\/media?parent=1511"}],"wp:term":[{"taxonomy":"category","embeddable":true,"href":"https:\/\/elsotanoanalogico.com\/index.php\/wp-json\/wp\/v2\/categories?post=1511"},{"taxonomy":"post_tag","embeddable":true,"href":"https:\/\/elsotanoanalogico.com\/index.php\/wp-json\/wp\/v2\/tags?post=1511"}],"curies":[{"name":"wp","href":"https:\/\/api.w.org\/{rel}","templated":true}]}}