{"id":1518,"date":"2025-01-26T22:54:14","date_gmt":"2025-01-26T22:54:14","guid":{"rendered":"https:\/\/elsotanoanalogico.com\/?p=1518"},"modified":"2025-01-26T22:54:14","modified_gmt":"2025-01-26T22:54:14","slug":"hevenboy","status":"publish","type":"post","link":"https:\/\/elsotanoanalogico.com\/index.php\/2025\/01\/26\/hevenboy\/","title":{"rendered":"Hevenboy"},"content":{"rendered":"\n<figure class=\"wp-block-image size-full\"><img loading=\"lazy\" decoding=\"async\" width=\"679\" height=\"960\" src=\"https:\/\/elsotanoanalogico.com\/wp-content\/uploads\/2025\/01\/photo_2025-01-26-22.52.30.jpeg\" alt=\"\" class=\"wp-image-1520\" srcset=\"https:\/\/elsotanoanalogico.com\/wp-content\/uploads\/2025\/01\/photo_2025-01-26-22.52.30.jpeg 679w, https:\/\/elsotanoanalogico.com\/wp-content\/uploads\/2025\/01\/photo_2025-01-26-22.52.30-212x300.jpeg 212w\" sizes=\"auto, (max-width: 679px) 100vw, 679px\" \/><\/figure>\n\n\n\n<p>Acomp\u00e1\u00f1a a Hevenboy en su primera experiencia en los escenarios en este evento exclusivo en colaboraci\u00f3n con El S\u00f3tano Anal\u00f3gico.<\/p>\n\n\n\n<p>En este evento va a tocar el disco que public\u00f3 el 13 de diciembre de 2024 \u00abEl Planeta de Mis Sentimientos\u00bb, junto a algunos otros temas que ha revelado durante el periodo de tiempo que lleva sacando m\u00fasica por su cuenta.<\/p>\n\n\n\n<p><a href=\"https:\/\/entradium.com\/es\/events\/el-planeta-de-mis-sentimientos-mini-tour\">https:\/\/entradium.com\/es\/events\/el-planeta-de-mis-sentimientos-mini-tour<\/a><\/p>\n","protected":false},"excerpt":{"rendered":"<p>Acomp\u00e1\u00f1a a Hevenboy en su primera experiencia en los escenarios en este evento exclusivo en colaboraci\u00f3n con El S\u00f3tano Anal\u00f3gico. En este evento va a tocar el disco que public\u00f3 [&hellip;]<\/p>\n","protected":false},"author":2,"featured_media":0,"comment_status":"closed","ping_status":"","sticky":false,"template":"","format":"standard","meta":{"footnotes":""},"categories":[12,2,1],"tags":[],"class_list":["post-1518","post","type-post","status-publish","format-standard","hentry","category-conciertos","category-eventos","category-general"],"_links":{"self":[{"href":"https:\/\/elsotanoanalogico.com\/index.php\/wp-json\/wp\/v2\/posts\/1518","targetHints":{"allow":["GET"]}}],"collection":[{"href":"https:\/\/elsotanoanalogico.com\/index.php\/wp-json\/wp\/v2\/posts"}],"about":[{"href":"https:\/\/elsotanoanalogico.com\/index.php\/wp-json\/wp\/v2\/types\/post"}],"author":[{"embeddable":true,"href":"https:\/\/elsotanoanalogico.com\/index.php\/wp-json\/wp\/v2\/users\/2"}],"replies":[{"embeddable":true,"href":"https:\/\/elsotanoanalogico.com\/index.php\/wp-json\/wp\/v2\/comments?post=1518"}],"version-history":[{"count":1,"href":"https:\/\/elsotanoanalogico.com\/index.php\/wp-json\/wp\/v2\/posts\/1518\/revisions"}],"predecessor-version":[{"id":1521,"href":"https:\/\/elsotanoanalogico.com\/index.php\/wp-json\/wp\/v2\/posts\/1518\/revisions\/1521"}],"wp:attachment":[{"href":"https:\/\/elsotanoanalogico.com\/index.php\/wp-json\/wp\/v2\/media?parent=1518"}],"wp:term":[{"taxonomy":"category","embeddable":true,"href":"https:\/\/elsotanoanalogico.com\/index.php\/wp-json\/wp\/v2\/categories?post=1518"},{"taxonomy":"post_tag","embeddable":true,"href":"https:\/\/elsotanoanalogico.com\/index.php\/wp-json\/wp\/v2\/tags?post=1518"}],"curies":[{"name":"wp","href":"https:\/\/api.w.org\/{rel}","templated":true}]}}