{"id":1546,"date":"2025-02-24T22:57:40","date_gmt":"2025-02-24T22:57:40","guid":{"rendered":"https:\/\/elsotanoanalogico.com\/?p=1546"},"modified":"2025-02-24T22:57:40","modified_gmt":"2025-02-24T22:57:40","slug":"risco-ariete","status":"publish","type":"post","link":"https:\/\/elsotanoanalogico.com\/index.php\/2025\/02\/24\/risco-ariete\/","title":{"rendered":"Risco (Ariete)"},"content":{"rendered":"\n<figure class=\"wp-block-image size-large\"><img loading=\"lazy\" decoding=\"async\" width=\"819\" height=\"1024\" src=\"https:\/\/elsotanoanalogico.com\/wp-content\/uploads\/2025\/02\/Risco-ariete-2025-819x1024.jpeg\" alt=\"\" class=\"wp-image-1547\" srcset=\"https:\/\/elsotanoanalogico.com\/wp-content\/uploads\/2025\/02\/Risco-ariete-2025-819x1024.jpeg 819w, https:\/\/elsotanoanalogico.com\/wp-content\/uploads\/2025\/02\/Risco-ariete-2025-240x300.jpeg 240w, https:\/\/elsotanoanalogico.com\/wp-content\/uploads\/2025\/02\/Risco-ariete-2025-768x960.jpeg 768w, https:\/\/elsotanoanalogico.com\/wp-content\/uploads\/2025\/02\/Risco-ariete-2025.jpeg 1024w\" sizes=\"auto, (max-width: 819px) 100vw, 819px\" \/><\/figure>\n\n\n\n<p><br>Risco es el proyecto compositivo de Jose Antonio Risco.<\/p>\n\n\n\n<p>Las canciones tratan la cr\u00edtica pol\u00edtica, el valor de la amistad y la superaci\u00f3n de las rupturas sentimentales desde una perspectiva positiva.<\/p>\n\n\n\n<p>Entre todos empujamos el ariete contra el muro de la \u201cmoda comercial musical\u201d basada en la superficialidad deshumanizada y la banalidad de la sociedad digital actual\u00bb.<br><br>INCLUYE CONSUMICI\u00d3N\u00a0<\/p>\n\n\n\n<p>Consigue tus entradas anticipadas aqu\u00ed:<\/p>\n\n\n\n<p><a href=\"https:\/\/entradium.com\/events\/risco-las-palmas-de-gran-canaria\">https:\/\/entradium.com\/events\/risco-las-palmas-de-gran-canaria<\/a><\/p>\n","protected":false},"excerpt":{"rendered":"<p>Risco es el proyecto compositivo de Jose Antonio Risco. Las canciones tratan la cr\u00edtica pol\u00edtica, el valor de la amistad y la superaci\u00f3n de las rupturas sentimentales desde una perspectiva [&hellip;]<\/p>\n","protected":false},"author":2,"featured_media":0,"comment_status":"closed","ping_status":"","sticky":false,"template":"","format":"standard","meta":{"footnotes":""},"categories":[12,2,1],"tags":[],"class_list":["post-1546","post","type-post","status-publish","format-standard","hentry","category-conciertos","category-eventos","category-general"],"_links":{"self":[{"href":"https:\/\/elsotanoanalogico.com\/index.php\/wp-json\/wp\/v2\/posts\/1546","targetHints":{"allow":["GET"]}}],"collection":[{"href":"https:\/\/elsotanoanalogico.com\/index.php\/wp-json\/wp\/v2\/posts"}],"about":[{"href":"https:\/\/elsotanoanalogico.com\/index.php\/wp-json\/wp\/v2\/types\/post"}],"author":[{"embeddable":true,"href":"https:\/\/elsotanoanalogico.com\/index.php\/wp-json\/wp\/v2\/users\/2"}],"replies":[{"embeddable":true,"href":"https:\/\/elsotanoanalogico.com\/index.php\/wp-json\/wp\/v2\/comments?post=1546"}],"version-history":[{"count":1,"href":"https:\/\/elsotanoanalogico.com\/index.php\/wp-json\/wp\/v2\/posts\/1546\/revisions"}],"predecessor-version":[{"id":1548,"href":"https:\/\/elsotanoanalogico.com\/index.php\/wp-json\/wp\/v2\/posts\/1546\/revisions\/1548"}],"wp:attachment":[{"href":"https:\/\/elsotanoanalogico.com\/index.php\/wp-json\/wp\/v2\/media?parent=1546"}],"wp:term":[{"taxonomy":"category","embeddable":true,"href":"https:\/\/elsotanoanalogico.com\/index.php\/wp-json\/wp\/v2\/categories?post=1546"},{"taxonomy":"post_tag","embeddable":true,"href":"https:\/\/elsotanoanalogico.com\/index.php\/wp-json\/wp\/v2\/tags?post=1546"}],"curies":[{"name":"wp","href":"https:\/\/api.w.org\/{rel}","templated":true}]}}