{"id":1560,"date":"2025-03-25T11:11:52","date_gmt":"2025-03-25T11:11:52","guid":{"rendered":"https:\/\/elsotanoanalogico.com\/?p=1560"},"modified":"2025-03-25T13:01:25","modified_gmt":"2025-03-25T13:01:25","slug":"distopic-sessions-vol-2-en-baladero","status":"publish","type":"post","link":"https:\/\/elsotanoanalogico.com\/index.php\/2025\/03\/25\/distopic-sessions-vol-2-en-baladero\/","title":{"rendered":"Distopic Sessions vol.2  &#8211; en Baladero"},"content":{"rendered":"\n<figure class=\"wp-block-image size-large\"><img loading=\"lazy\" decoding=\"async\" width=\"819\" height=\"1024\" src=\"https:\/\/elsotanoanalogico.com\/wp-content\/uploads\/2025\/03\/baladero-distopic-sessions-vol.2-819x1024.jpeg\" alt=\"\" class=\"wp-image-1566\" srcset=\"https:\/\/elsotanoanalogico.com\/wp-content\/uploads\/2025\/03\/baladero-distopic-sessions-vol.2-819x1024.jpeg 819w, https:\/\/elsotanoanalogico.com\/wp-content\/uploads\/2025\/03\/baladero-distopic-sessions-vol.2-240x300.jpeg 240w, https:\/\/elsotanoanalogico.com\/wp-content\/uploads\/2025\/03\/baladero-distopic-sessions-vol.2-768x960.jpeg 768w, https:\/\/elsotanoanalogico.com\/wp-content\/uploads\/2025\/03\/baladero-distopic-sessions-vol.2.jpeg 1080w\" sizes=\"auto, (max-width: 819px) 100vw, 819px\" \/><\/figure>\n\n\n\n<p><strong>Este evento no ser\u00e1 en El S\u00f3tano Anal\u00f3gico ser\u00e1 en el Sebadal. En Baladero.<\/strong> <em>Viernes 28 de marzo.<\/em><\/p>\n\n\n\n<p><br>Los fundadores de El S\u00f3tano Anal\u00f3gico presentan una sesi\u00f3n de videoarte (Oliver) y DJ (Alexis) combinando los sonidos del pasado con visi\u00f3n de retrofuturo. El vaporwave ir\u00e1 <em>in crescendo<\/em> hasta el synthwave. Sum\u00e9rgete en la realidad virtual de los 90&#8217;s con reflejos de los 80&#8217;s visto con las gafas de los 2000&#8217;s.<\/p>\n\n\n\n<p>C\/ Profesor Lozano, 17. El Sebadal, Las Palmas. <strong>Viernes 28 de marzo a las 21:00h.<\/strong><br><\/p>\n","protected":false},"excerpt":{"rendered":"<p>Este evento no ser\u00e1 en El S\u00f3tano Anal\u00f3gico ser\u00e1 en el Sebadal. En Baladero. Viernes 28 de marzo. Los fundadores de El S\u00f3tano Anal\u00f3gico presentan una sesi\u00f3n de videoarte (Oliver) [&hellip;]<\/p>\n","protected":false},"author":2,"featured_media":0,"comment_status":"closed","ping_status":"","sticky":false,"template":"","format":"standard","meta":{"footnotes":""},"categories":[12,1,55,13],"tags":[],"class_list":["post-1560","post","type-post","status-publish","format-standard","hentry","category-conciertos","category-general","category-performance","category-proyecciones"],"_links":{"self":[{"href":"https:\/\/elsotanoanalogico.com\/index.php\/wp-json\/wp\/v2\/posts\/1560","targetHints":{"allow":["GET"]}}],"collection":[{"href":"https:\/\/elsotanoanalogico.com\/index.php\/wp-json\/wp\/v2\/posts"}],"about":[{"href":"https:\/\/elsotanoanalogico.com\/index.php\/wp-json\/wp\/v2\/types\/post"}],"author":[{"embeddable":true,"href":"https:\/\/elsotanoanalogico.com\/index.php\/wp-json\/wp\/v2\/users\/2"}],"replies":[{"embeddable":true,"href":"https:\/\/elsotanoanalogico.com\/index.php\/wp-json\/wp\/v2\/comments?post=1560"}],"version-history":[{"count":3,"href":"https:\/\/elsotanoanalogico.com\/index.php\/wp-json\/wp\/v2\/posts\/1560\/revisions"}],"predecessor-version":[{"id":1567,"href":"https:\/\/elsotanoanalogico.com\/index.php\/wp-json\/wp\/v2\/posts\/1560\/revisions\/1567"}],"wp:attachment":[{"href":"https:\/\/elsotanoanalogico.com\/index.php\/wp-json\/wp\/v2\/media?parent=1560"}],"wp:term":[{"taxonomy":"category","embeddable":true,"href":"https:\/\/elsotanoanalogico.com\/index.php\/wp-json\/wp\/v2\/categories?post=1560"},{"taxonomy":"post_tag","embeddable":true,"href":"https:\/\/elsotanoanalogico.com\/index.php\/wp-json\/wp\/v2\/tags?post=1560"}],"curies":[{"name":"wp","href":"https:\/\/api.w.org\/{rel}","templated":true}]}}