{"id":1570,"date":"2025-03-28T13:43:09","date_gmt":"2025-03-28T13:43:09","guid":{"rendered":"https:\/\/elsotanoanalogico.com\/?p=1570"},"modified":"2025-03-28T13:43:09","modified_gmt":"2025-03-28T13:43:09","slug":"kaysey-medina","status":"publish","type":"post","link":"https:\/\/elsotanoanalogico.com\/index.php\/2025\/03\/28\/kaysey-medina\/","title":{"rendered":"Kaysey Medina"},"content":{"rendered":"\n<figure class=\"wp-block-image size-large\"><img loading=\"lazy\" decoding=\"async\" width=\"737\" height=\"1024\" src=\"https:\/\/elsotanoanalogico.com\/wp-content\/uploads\/2025\/03\/Cartel-Kaysey-Medina-2025-737x1024.jpg\" alt=\"\" class=\"wp-image-1572\" srcset=\"https:\/\/elsotanoanalogico.com\/wp-content\/uploads\/2025\/03\/Cartel-Kaysey-Medina-2025-737x1024.jpg 737w, https:\/\/elsotanoanalogico.com\/wp-content\/uploads\/2025\/03\/Cartel-Kaysey-Medina-2025-216x300.jpg 216w, https:\/\/elsotanoanalogico.com\/wp-content\/uploads\/2025\/03\/Cartel-Kaysey-Medina-2025-768x1068.jpg 768w, https:\/\/elsotanoanalogico.com\/wp-content\/uploads\/2025\/03\/Cartel-Kaysey-Medina-2025-1105x1536.jpg 1105w, https:\/\/elsotanoanalogico.com\/wp-content\/uploads\/2025\/03\/Cartel-Kaysey-Medina-2025-1200x1668.jpg 1200w, https:\/\/elsotanoanalogico.com\/wp-content\/uploads\/2025\/03\/Cartel-Kaysey-Medina-2025.jpg 1320w\" sizes=\"auto, (max-width: 737px) 100vw, 737px\" \/><\/figure>\n\n\n\n<p><strong>Kaysey Medina <\/strong>nos trae un concierto en ac\u00fastico lleno de emociones, donde presentar\u00e1 sus temas que os llegar\u00e1n al coraz\u00f3n.<br><br><strong>Nos vemos el Viernes 4 de abril a las 20:00h (puntuales).<br>En El S\u00f3tano Anal\u00f3gico.<\/strong> Calle Tom\u00e1s Morales 16, s\u00f3tano izquierda. Las Palmas de Gran Canaria.<\/p>\n\n\n\n<p><br>Consigue tu entrada con consumici\u00f3n incluida aqui:<\/p>\n\n\n\n<p><a href=\"https:\/\/entradium.com\/es\/events\/kaysey-medina\">https:\/\/entradium.com\/es\/events\/kaysey-medina<\/a><\/p>\n","protected":false},"excerpt":{"rendered":"<p>Kaysey Medina nos trae un concierto en ac\u00fastico lleno de emociones, donde presentar\u00e1 sus temas que os llegar\u00e1n al coraz\u00f3n. Nos vemos el Viernes 4 de abril a las 20:00h [&hellip;]<\/p>\n","protected":false},"author":2,"featured_media":0,"comment_status":"closed","ping_status":"","sticky":false,"template":"","format":"standard","meta":{"footnotes":""},"categories":[12,2,1],"tags":[],"class_list":["post-1570","post","type-post","status-publish","format-standard","hentry","category-conciertos","category-eventos","category-general"],"_links":{"self":[{"href":"https:\/\/elsotanoanalogico.com\/index.php\/wp-json\/wp\/v2\/posts\/1570","targetHints":{"allow":["GET"]}}],"collection":[{"href":"https:\/\/elsotanoanalogico.com\/index.php\/wp-json\/wp\/v2\/posts"}],"about":[{"href":"https:\/\/elsotanoanalogico.com\/index.php\/wp-json\/wp\/v2\/types\/post"}],"author":[{"embeddable":true,"href":"https:\/\/elsotanoanalogico.com\/index.php\/wp-json\/wp\/v2\/users\/2"}],"replies":[{"embeddable":true,"href":"https:\/\/elsotanoanalogico.com\/index.php\/wp-json\/wp\/v2\/comments?post=1570"}],"version-history":[{"count":1,"href":"https:\/\/elsotanoanalogico.com\/index.php\/wp-json\/wp\/v2\/posts\/1570\/revisions"}],"predecessor-version":[{"id":1573,"href":"https:\/\/elsotanoanalogico.com\/index.php\/wp-json\/wp\/v2\/posts\/1570\/revisions\/1573"}],"wp:attachment":[{"href":"https:\/\/elsotanoanalogico.com\/index.php\/wp-json\/wp\/v2\/media?parent=1570"}],"wp:term":[{"taxonomy":"category","embeddable":true,"href":"https:\/\/elsotanoanalogico.com\/index.php\/wp-json\/wp\/v2\/categories?post=1570"},{"taxonomy":"post_tag","embeddable":true,"href":"https:\/\/elsotanoanalogico.com\/index.php\/wp-json\/wp\/v2\/tags?post=1570"}],"curies":[{"name":"wp","href":"https:\/\/api.w.org\/{rel}","templated":true}]}}