{"id":1585,"date":"2025-04-13T11:58:31","date_gmt":"2025-04-13T10:58:31","guid":{"rendered":"https:\/\/elsotanoanalogico.com\/?p=1585"},"modified":"2025-04-11T12:05:23","modified_gmt":"2025-04-11T11:05:23","slug":"laura-henriquez","status":"publish","type":"post","link":"https:\/\/elsotanoanalogico.com\/index.php\/2025\/04\/13\/laura-henriquez\/","title":{"rendered":"Laura Henr\u00edquez"},"content":{"rendered":"\n<figure class=\"wp-block-image size-large\"><img loading=\"lazy\" decoding=\"async\" width=\"819\" height=\"1024\" src=\"https:\/\/elsotanoanalogico.com\/wp-content\/uploads\/2025\/04\/LauraHenriquez2025-819x1024.jpeg\" alt=\"\" class=\"wp-image-1586\" srcset=\"https:\/\/elsotanoanalogico.com\/wp-content\/uploads\/2025\/04\/LauraHenriquez2025-819x1024.jpeg 819w, https:\/\/elsotanoanalogico.com\/wp-content\/uploads\/2025\/04\/LauraHenriquez2025-240x300.jpeg 240w, https:\/\/elsotanoanalogico.com\/wp-content\/uploads\/2025\/04\/LauraHenriquez2025-768x960.jpeg 768w, https:\/\/elsotanoanalogico.com\/wp-content\/uploads\/2025\/04\/LauraHenriquez2025.jpeg 1080w\" sizes=\"auto, (max-width: 819px) 100vw, 819px\" \/><\/figure>\n\n\n\n<p>La cantautora Laura Henr\u00edquez presenta su nuevo disco \u00abLo que te tengo que contar\u00bb en un concierto ac\u00fastico en \u00abEl S\u00f3tano Anal\u00f3gico\u00bb de Las Palmas. Ser\u00e1 el pr\u00f3ximo <strong>s\u00e1bado 26 de Abril a las 20 horas.<\/strong> Como artista invitado actuar\u00e1 el cantante y compositor grancanario Adonay Santana. Entradas ya a la venta.<\/p>\n\n\n\n<p>Cons\u00edguelas aqu\u00ed:<\/p>\n\n\n\n<p><a href=\"https:\/\/entradium.com\/events\/laura-henriquez-en-el-sotano-analogico\">https:\/\/entradium.com\/events\/laura-henriquez-en-el-sotano-analogico<\/a><\/p>\n","protected":false},"excerpt":{"rendered":"<p>La cantautora Laura Henr\u00edquez presenta su nuevo disco \u00abLo que te tengo que contar\u00bb en un concierto ac\u00fastico en \u00abEl S\u00f3tano Anal\u00f3gico\u00bb de Las Palmas. Ser\u00e1 el pr\u00f3ximo s\u00e1bado 26 [&hellip;]<\/p>\n","protected":false},"author":2,"featured_media":0,"comment_status":"closed","ping_status":"","sticky":false,"template":"","format":"standard","meta":{"footnotes":""},"categories":[12,2,1],"tags":[],"class_list":["post-1585","post","type-post","status-publish","format-standard","hentry","category-conciertos","category-eventos","category-general"],"_links":{"self":[{"href":"https:\/\/elsotanoanalogico.com\/index.php\/wp-json\/wp\/v2\/posts\/1585","targetHints":{"allow":["GET"]}}],"collection":[{"href":"https:\/\/elsotanoanalogico.com\/index.php\/wp-json\/wp\/v2\/posts"}],"about":[{"href":"https:\/\/elsotanoanalogico.com\/index.php\/wp-json\/wp\/v2\/types\/post"}],"author":[{"embeddable":true,"href":"https:\/\/elsotanoanalogico.com\/index.php\/wp-json\/wp\/v2\/users\/2"}],"replies":[{"embeddable":true,"href":"https:\/\/elsotanoanalogico.com\/index.php\/wp-json\/wp\/v2\/comments?post=1585"}],"version-history":[{"count":1,"href":"https:\/\/elsotanoanalogico.com\/index.php\/wp-json\/wp\/v2\/posts\/1585\/revisions"}],"predecessor-version":[{"id":1587,"href":"https:\/\/elsotanoanalogico.com\/index.php\/wp-json\/wp\/v2\/posts\/1585\/revisions\/1587"}],"wp:attachment":[{"href":"https:\/\/elsotanoanalogico.com\/index.php\/wp-json\/wp\/v2\/media?parent=1585"}],"wp:term":[{"taxonomy":"category","embeddable":true,"href":"https:\/\/elsotanoanalogico.com\/index.php\/wp-json\/wp\/v2\/categories?post=1585"},{"taxonomy":"post_tag","embeddable":true,"href":"https:\/\/elsotanoanalogico.com\/index.php\/wp-json\/wp\/v2\/tags?post=1585"}],"curies":[{"name":"wp","href":"https:\/\/api.w.org\/{rel}","templated":true}]}}