{"id":1588,"date":"2025-04-14T16:57:37","date_gmt":"2025-04-14T15:57:37","guid":{"rendered":"https:\/\/elsotanoanalogico.com\/?p=1588"},"modified":"2025-04-14T17:01:59","modified_gmt":"2025-04-14T16:01:59","slug":"presentacion-libro","status":"publish","type":"post","link":"https:\/\/elsotanoanalogico.com\/index.php\/2025\/04\/14\/presentacion-libro\/","title":{"rendered":"Presentaci\u00f3n libro:"},"content":{"rendered":"\n<figure class=\"wp-block-image size-large\"><img loading=\"lazy\" decoding=\"async\" width=\"724\" height=\"1024\" src=\"https:\/\/elsotanoanalogico.com\/wp-content\/uploads\/2025\/04\/ramonbetancor-libro_2025-724x1024.jpeg\" alt=\"\" class=\"wp-image-1589\" srcset=\"https:\/\/elsotanoanalogico.com\/wp-content\/uploads\/2025\/04\/ramonbetancor-libro_2025-724x1024.jpeg 724w, https:\/\/elsotanoanalogico.com\/wp-content\/uploads\/2025\/04\/ramonbetancor-libro_2025-212x300.jpeg 212w, https:\/\/elsotanoanalogico.com\/wp-content\/uploads\/2025\/04\/ramonbetancor-libro_2025-768x1086.jpeg 768w, https:\/\/elsotanoanalogico.com\/wp-content\/uploads\/2025\/04\/ramonbetancor-libro_2025-1086x1536.jpeg 1086w, https:\/\/elsotanoanalogico.com\/wp-content\/uploads\/2025\/04\/ramonbetancor-libro_2025.jpeg 1131w\" sizes=\"auto, (max-width: 724px) 100vw, 724px\" \/><\/figure>\n\n\n\n<p>Este jueves 24 de abril, Ram\u00f3n Betancor presenta su nuevo libro La Ingente Brevedad, en Las Palmas de Gran Canaria. Son cincuenta relatos que nos invitan a explorar los rincones m\u00e1s complejos de la mente humana, con la intriga y la reflexi\u00f3n como hilo conductor. Con su estilo tan personal, Betancor vuelve a remover certezas y a plantear preguntas que se quedan resonando mucho despu\u00e9s de cerrar el libro. La cita es a las 20:00h, hasta completar aforo en El S\u00f3tano Anal\u00f3gico.<\/p>\n\n\n\n<p><\/p>\n","protected":false},"excerpt":{"rendered":"<p>Este jueves 24 de abril, Ram\u00f3n Betancor presenta su nuevo libro La Ingente Brevedad, en Las Palmas de Gran Canaria. Son cincuenta relatos que nos invitan a explorar los rincones [&hellip;]<\/p>\n","protected":false},"author":2,"featured_media":0,"comment_status":"closed","ping_status":"","sticky":false,"template":"","format":"standard","meta":{"footnotes":""},"categories":[2,1,49,50],"tags":[],"class_list":["post-1588","post","type-post","status-publish","format-standard","hentry","category-eventos","category-general","category-presentacion","category-presentacion-eventos"],"_links":{"self":[{"href":"https:\/\/elsotanoanalogico.com\/index.php\/wp-json\/wp\/v2\/posts\/1588","targetHints":{"allow":["GET"]}}],"collection":[{"href":"https:\/\/elsotanoanalogico.com\/index.php\/wp-json\/wp\/v2\/posts"}],"about":[{"href":"https:\/\/elsotanoanalogico.com\/index.php\/wp-json\/wp\/v2\/types\/post"}],"author":[{"embeddable":true,"href":"https:\/\/elsotanoanalogico.com\/index.php\/wp-json\/wp\/v2\/users\/2"}],"replies":[{"embeddable":true,"href":"https:\/\/elsotanoanalogico.com\/index.php\/wp-json\/wp\/v2\/comments?post=1588"}],"version-history":[{"count":2,"href":"https:\/\/elsotanoanalogico.com\/index.php\/wp-json\/wp\/v2\/posts\/1588\/revisions"}],"predecessor-version":[{"id":1591,"href":"https:\/\/elsotanoanalogico.com\/index.php\/wp-json\/wp\/v2\/posts\/1588\/revisions\/1591"}],"wp:attachment":[{"href":"https:\/\/elsotanoanalogico.com\/index.php\/wp-json\/wp\/v2\/media?parent=1588"}],"wp:term":[{"taxonomy":"category","embeddable":true,"href":"https:\/\/elsotanoanalogico.com\/index.php\/wp-json\/wp\/v2\/categories?post=1588"},{"taxonomy":"post_tag","embeddable":true,"href":"https:\/\/elsotanoanalogico.com\/index.php\/wp-json\/wp\/v2\/tags?post=1588"}],"curies":[{"name":"wp","href":"https:\/\/api.w.org\/{rel}","templated":true}]}}