{"id":1612,"date":"2025-05-19T15:07:48","date_gmt":"2025-05-19T14:07:48","guid":{"rendered":"https:\/\/elsotanoanalogico.com\/?p=1612"},"modified":"2025-05-19T15:07:48","modified_gmt":"2025-05-19T14:07:48","slug":"atteneri-caro","status":"publish","type":"post","link":"https:\/\/elsotanoanalogico.com\/index.php\/2025\/05\/19\/atteneri-caro\/","title":{"rendered":"Atteneri Caro"},"content":{"rendered":"\n<figure class=\"wp-block-image size-large\"><img loading=\"lazy\" decoding=\"async\" width=\"641\" height=\"1024\" src=\"https:\/\/elsotanoanalogico.com\/wp-content\/uploads\/2025\/05\/atteneri-caro-ramon-betancor-2025-641x1024.jpeg\" alt=\"\" class=\"wp-image-1614\" srcset=\"https:\/\/elsotanoanalogico.com\/wp-content\/uploads\/2025\/05\/atteneri-caro-ramon-betancor-2025-641x1024.jpeg 641w, https:\/\/elsotanoanalogico.com\/wp-content\/uploads\/2025\/05\/atteneri-caro-ramon-betancor-2025-188x300.jpeg 188w, https:\/\/elsotanoanalogico.com\/wp-content\/uploads\/2025\/05\/atteneri-caro-ramon-betancor-2025-768x1227.jpeg 768w, https:\/\/elsotanoanalogico.com\/wp-content\/uploads\/2025\/05\/atteneri-caro-ramon-betancor-2025.jpeg 801w\" sizes=\"auto, (max-width: 641px) 100vw, 641px\" \/><\/figure>\n\n\n\n<p>Concierto ac\u00fastico de Atteneri Caro donde presentar\u00e1 sus nuevas canciones. Como artista invitado, cuenta en esta ocasi\u00f3n con Ram\u00f3n Betancor. Viernes 23 mayo a las 20:00 en El S\u00f3tano Anal\u00f3gico. No te lo puedes perder.<\/p>\n\n\n\n<p>Consigue entradas aqu\u00ed:<\/p>\n\n\n\n<p><a href=\"https:\/\/entradium.com\/events\/concierto-atteneri-caro-artista-invitado-ramon-betancor\">https:\/\/entradium.com\/events\/concierto-atteneri-caro-artista-invitado-ramon-betancor<\/a><\/p>\n\n\n\n<p><\/p>\n","protected":false},"excerpt":{"rendered":"<p>Concierto ac\u00fastico de Atteneri Caro donde presentar\u00e1 sus nuevas canciones. Como artista invitado, cuenta en esta ocasi\u00f3n con Ram\u00f3n Betancor. Viernes 23 mayo a las 20:00 en El S\u00f3tano Anal\u00f3gico. [&hellip;]<\/p>\n","protected":false},"author":2,"featured_media":0,"comment_status":"closed","ping_status":"","sticky":false,"template":"","format":"standard","meta":{"footnotes":""},"categories":[12,2,1],"tags":[],"class_list":["post-1612","post","type-post","status-publish","format-standard","hentry","category-conciertos","category-eventos","category-general"],"_links":{"self":[{"href":"https:\/\/elsotanoanalogico.com\/index.php\/wp-json\/wp\/v2\/posts\/1612","targetHints":{"allow":["GET"]}}],"collection":[{"href":"https:\/\/elsotanoanalogico.com\/index.php\/wp-json\/wp\/v2\/posts"}],"about":[{"href":"https:\/\/elsotanoanalogico.com\/index.php\/wp-json\/wp\/v2\/types\/post"}],"author":[{"embeddable":true,"href":"https:\/\/elsotanoanalogico.com\/index.php\/wp-json\/wp\/v2\/users\/2"}],"replies":[{"embeddable":true,"href":"https:\/\/elsotanoanalogico.com\/index.php\/wp-json\/wp\/v2\/comments?post=1612"}],"version-history":[{"count":1,"href":"https:\/\/elsotanoanalogico.com\/index.php\/wp-json\/wp\/v2\/posts\/1612\/revisions"}],"predecessor-version":[{"id":1615,"href":"https:\/\/elsotanoanalogico.com\/index.php\/wp-json\/wp\/v2\/posts\/1612\/revisions\/1615"}],"wp:attachment":[{"href":"https:\/\/elsotanoanalogico.com\/index.php\/wp-json\/wp\/v2\/media?parent=1612"}],"wp:term":[{"taxonomy":"category","embeddable":true,"href":"https:\/\/elsotanoanalogico.com\/index.php\/wp-json\/wp\/v2\/categories?post=1612"},{"taxonomy":"post_tag","embeddable":true,"href":"https:\/\/elsotanoanalogico.com\/index.php\/wp-json\/wp\/v2\/tags?post=1612"}],"curies":[{"name":"wp","href":"https:\/\/api.w.org\/{rel}","templated":true}]}}