{"id":1620,"date":"2025-05-27T08:48:00","date_gmt":"2025-05-27T07:48:00","guid":{"rendered":"https:\/\/elsotanoanalogico.com\/?p=1620"},"modified":"2025-05-27T08:51:10","modified_gmt":"2025-05-27T07:51:10","slug":"enri-ive","status":"publish","type":"post","link":"https:\/\/elsotanoanalogico.com\/index.php\/2025\/05\/27\/enri-ive\/","title":{"rendered":"Enri Ive"},"content":{"rendered":"\n<figure class=\"wp-block-image size-large\"><img loading=\"lazy\" decoding=\"async\" width=\"820\" height=\"1024\" src=\"https:\/\/elsotanoanalogico.com\/wp-content\/uploads\/2025\/05\/Enri-Ive-2025-820x1024.jpeg\" alt=\"\" class=\"wp-image-1622\" srcset=\"https:\/\/elsotanoanalogico.com\/wp-content\/uploads\/2025\/05\/Enri-Ive-2025-820x1024.jpeg 820w, https:\/\/elsotanoanalogico.com\/wp-content\/uploads\/2025\/05\/Enri-Ive-2025-240x300.jpeg 240w, https:\/\/elsotanoanalogico.com\/wp-content\/uploads\/2025\/05\/Enri-Ive-2025-768x959.jpeg 768w, https:\/\/elsotanoanalogico.com\/wp-content\/uploads\/2025\/05\/Enri-Ive-2025.jpeg 1025w\" sizes=\"auto, (max-width: 820px) 100vw, 820px\" \/><\/figure>\n\n\n\n<p>Desde Tenerife, el cantante y compositor canario-brit\u00e1nico, Enri Ive se suma a la escena musical con su fascinante universo sonoro, repleto de historias \u00edntimas, letras emotivas mezclando la m\u00fasica de cantautor, el pop y algunas pinceladas del jazz y bossa nova.<\/p>\n\n\n\n<p>Este viernes\u00a0<strong>6 de junio a las 20:00h,<\/strong>\u00a0Enri presenta su primer proyecto en solitario,\u00a0Pileus, en\u00a0<strong>El S\u00f3tano Anal\u00f3gico en Las Palmas de Gran Canaria<\/strong>. Acompa\u00f1ado por el pianista Luis S\u00e1nchez Guerra, tocar\u00e1n canciones de este \u00faltimo EP, adem\u00e1s de temas in\u00e9ditos.<\/p>\n\n\n\n<p>Una velada especial y a un viaje musical muy \u00edntimo, delicado y con mucho coraz\u00f3n, explorando el mundo interior de Enri.<\/p>\n\n\n\n<p><a href=\"https:\/\/entradium.com\/events\/enri-ive-las-palmas-de-gran-canaria\">https:\/\/entradium.com\/events\/enri-ive-las-palmas-de-gran-canaria<\/a><\/p>\n\n\n\n<p><\/p>\n","protected":false},"excerpt":{"rendered":"<p>Desde Tenerife, el cantante y compositor canario-brit\u00e1nico, Enri Ive se suma a la escena musical con su fascinante universo sonoro, repleto de historias \u00edntimas, letras emotivas mezclando la m\u00fasica de [&hellip;]<\/p>\n","protected":false},"author":2,"featured_media":0,"comment_status":"closed","ping_status":"","sticky":false,"template":"","format":"standard","meta":{"footnotes":""},"categories":[12,1],"tags":[],"class_list":["post-1620","post","type-post","status-publish","format-standard","hentry","category-conciertos","category-general"],"_links":{"self":[{"href":"https:\/\/elsotanoanalogico.com\/index.php\/wp-json\/wp\/v2\/posts\/1620","targetHints":{"allow":["GET"]}}],"collection":[{"href":"https:\/\/elsotanoanalogico.com\/index.php\/wp-json\/wp\/v2\/posts"}],"about":[{"href":"https:\/\/elsotanoanalogico.com\/index.php\/wp-json\/wp\/v2\/types\/post"}],"author":[{"embeddable":true,"href":"https:\/\/elsotanoanalogico.com\/index.php\/wp-json\/wp\/v2\/users\/2"}],"replies":[{"embeddable":true,"href":"https:\/\/elsotanoanalogico.com\/index.php\/wp-json\/wp\/v2\/comments?post=1620"}],"version-history":[{"count":3,"href":"https:\/\/elsotanoanalogico.com\/index.php\/wp-json\/wp\/v2\/posts\/1620\/revisions"}],"predecessor-version":[{"id":1626,"href":"https:\/\/elsotanoanalogico.com\/index.php\/wp-json\/wp\/v2\/posts\/1620\/revisions\/1626"}],"wp:attachment":[{"href":"https:\/\/elsotanoanalogico.com\/index.php\/wp-json\/wp\/v2\/media?parent=1620"}],"wp:term":[{"taxonomy":"category","embeddable":true,"href":"https:\/\/elsotanoanalogico.com\/index.php\/wp-json\/wp\/v2\/categories?post=1620"},{"taxonomy":"post_tag","embeddable":true,"href":"https:\/\/elsotanoanalogico.com\/index.php\/wp-json\/wp\/v2\/tags?post=1620"}],"curies":[{"name":"wp","href":"https:\/\/api.w.org\/{rel}","templated":true}]}}