{"id":1630,"date":"2025-05-29T09:13:22","date_gmt":"2025-05-29T08:13:22","guid":{"rendered":"https:\/\/elsotanoanalogico.com\/?p=1630"},"modified":"2025-05-29T09:13:22","modified_gmt":"2025-05-29T08:13:22","slug":"beatriz-martin-y-muriel-sarda","status":"publish","type":"post","link":"https:\/\/elsotanoanalogico.com\/index.php\/2025\/05\/29\/beatriz-martin-y-muriel-sarda\/","title":{"rendered":"Beatriz Mart\u00edn y Muriel Sarda"},"content":{"rendered":"\n<figure class=\"wp-block-image size-large\"><img loading=\"lazy\" decoding=\"async\" width=\"727\" height=\"1024\" src=\"https:\/\/elsotanoanalogico.com\/wp-content\/uploads\/2025\/05\/beatrizmartinmusic-2025_web-727x1024.jpeg\" alt=\"\" class=\"wp-image-1631\" srcset=\"https:\/\/elsotanoanalogico.com\/wp-content\/uploads\/2025\/05\/beatrizmartinmusic-2025_web-727x1024.jpeg 727w, https:\/\/elsotanoanalogico.com\/wp-content\/uploads\/2025\/05\/beatrizmartinmusic-2025_web-213x300.jpeg 213w, https:\/\/elsotanoanalogico.com\/wp-content\/uploads\/2025\/05\/beatrizmartinmusic-2025_web-768x1082.jpeg 768w, https:\/\/elsotanoanalogico.com\/wp-content\/uploads\/2025\/05\/beatrizmartinmusic-2025_web.jpeg 950w\" sizes=\"auto, (max-width: 727px) 100vw, 727px\" \/><\/figure>\n\n\n\n<p>Muriel Sarda y Beatriz Mart\u00edn\u00a0 se unen en concierto para cantar historias.<\/p>\n\n\n\n<p>No te pierdas a estas dos cantautoras tinerfe\u00f1a que te har\u00e1n entrar en su universo de canciones.<br><br>Concierto el s\u00e1bado 7 de Junio a las 20:00h, entradas en:<\/p>\n\n\n\n<p><a href=\"https:\/\/entradium.com\/es\/events\/muriel-sarda-y-beatriz-martin\">https:\/\/entradium.com\/es\/events\/muriel-sarda-y-beatriz-martin<\/a> <br><\/p>\n","protected":false},"excerpt":{"rendered":"<p>Muriel Sarda y Beatriz Mart\u00edn\u00a0 se unen en concierto para cantar historias. No te pierdas a estas dos cantautoras tinerfe\u00f1a que te har\u00e1n entrar en su universo de canciones. Concierto [&hellip;]<\/p>\n","protected":false},"author":2,"featured_media":0,"comment_status":"closed","ping_status":"","sticky":false,"template":"","format":"standard","meta":{"footnotes":""},"categories":[12,1],"tags":[],"class_list":["post-1630","post","type-post","status-publish","format-standard","hentry","category-conciertos","category-general"],"_links":{"self":[{"href":"https:\/\/elsotanoanalogico.com\/index.php\/wp-json\/wp\/v2\/posts\/1630","targetHints":{"allow":["GET"]}}],"collection":[{"href":"https:\/\/elsotanoanalogico.com\/index.php\/wp-json\/wp\/v2\/posts"}],"about":[{"href":"https:\/\/elsotanoanalogico.com\/index.php\/wp-json\/wp\/v2\/types\/post"}],"author":[{"embeddable":true,"href":"https:\/\/elsotanoanalogico.com\/index.php\/wp-json\/wp\/v2\/users\/2"}],"replies":[{"embeddable":true,"href":"https:\/\/elsotanoanalogico.com\/index.php\/wp-json\/wp\/v2\/comments?post=1630"}],"version-history":[{"count":1,"href":"https:\/\/elsotanoanalogico.com\/index.php\/wp-json\/wp\/v2\/posts\/1630\/revisions"}],"predecessor-version":[{"id":1632,"href":"https:\/\/elsotanoanalogico.com\/index.php\/wp-json\/wp\/v2\/posts\/1630\/revisions\/1632"}],"wp:attachment":[{"href":"https:\/\/elsotanoanalogico.com\/index.php\/wp-json\/wp\/v2\/media?parent=1630"}],"wp:term":[{"taxonomy":"category","embeddable":true,"href":"https:\/\/elsotanoanalogico.com\/index.php\/wp-json\/wp\/v2\/categories?post=1630"},{"taxonomy":"post_tag","embeddable":true,"href":"https:\/\/elsotanoanalogico.com\/index.php\/wp-json\/wp\/v2\/tags?post=1630"}],"curies":[{"name":"wp","href":"https:\/\/api.w.org\/{rel}","templated":true}]}}