{"id":1650,"date":"2025-06-23T11:46:58","date_gmt":"2025-06-23T10:46:58","guid":{"rendered":"https:\/\/elsotanoanalogico.com\/?p=1650"},"modified":"2025-06-23T11:46:58","modified_gmt":"2025-06-23T10:46:58","slug":"aldara-2","status":"publish","type":"post","link":"https:\/\/elsotanoanalogico.com\/index.php\/2025\/06\/23\/aldara-2\/","title":{"rendered":"Aldara"},"content":{"rendered":"\n<figure class=\"wp-block-image size-large\"><img loading=\"lazy\" decoding=\"async\" width=\"1024\" height=\"1024\" src=\"https:\/\/elsotanoanalogico.com\/wp-content\/uploads\/2025\/06\/Aldara_2025-1024x1024.jpeg\" alt=\"\" class=\"wp-image-1652\" srcset=\"https:\/\/elsotanoanalogico.com\/wp-content\/uploads\/2025\/06\/Aldara_2025-1024x1024.jpeg 1024w, https:\/\/elsotanoanalogico.com\/wp-content\/uploads\/2025\/06\/Aldara_2025-300x300.jpeg 300w, https:\/\/elsotanoanalogico.com\/wp-content\/uploads\/2025\/06\/Aldara_2025-150x150.jpeg 150w, https:\/\/elsotanoanalogico.com\/wp-content\/uploads\/2025\/06\/Aldara_2025-768x768.jpeg 768w, https:\/\/elsotanoanalogico.com\/wp-content\/uploads\/2025\/06\/Aldara_2025-1536x1536.jpeg 1536w, https:\/\/elsotanoanalogico.com\/wp-content\/uploads\/2025\/06\/Aldara_2025-1200x1200.jpeg 1200w, https:\/\/elsotanoanalogico.com\/wp-content\/uploads\/2025\/06\/Aldara_2025-1980x1980.jpeg 1980w, https:\/\/elsotanoanalogico.com\/wp-content\/uploads\/2025\/06\/Aldara_2025.jpeg 2048w\" sizes=\"auto, (max-width: 1024px) 100vw, 1024px\" \/><\/figure>\n\n\n\n<p>ALDARA es musicalidad en estado puro. El estilo pop, el urbano, y el latin son los pilares de sus canciones. Melod\u00edas en\u00e9rgicas y pegadizas, cuyas letras destilan mensaje potente.<\/p>\n\n\n\n<p>Un repaso a la camale\u00f3nica discograf\u00eda de ALDARA, cantado con la fuerza y personalidad que la caracterizan, y acompa\u00f1ada, del virtuosismo musical del guitarrista cubano\u00a0<strong>Yoan Perera<\/strong>.<br><br>Empezamos a las 20:30h puntual\u00edsimos.<\/p>\n\n\n\n<p><a href=\"https:\/\/entradium.com\/es\/events\/aldara-en-concierto\">https:\/\/entradium.com\/es\/events\/aldara-en-concierto<\/a><\/p>\n","protected":false},"excerpt":{"rendered":"<p>ALDARA es musicalidad en estado puro. El estilo pop, el urbano, y el latin son los pilares de sus canciones. Melod\u00edas en\u00e9rgicas y pegadizas, cuyas letras destilan mensaje potente. Un [&hellip;]<\/p>\n","protected":false},"author":2,"featured_media":0,"comment_status":"closed","ping_status":"","sticky":false,"template":"","format":"standard","meta":{"footnotes":""},"categories":[12,2,1],"tags":[],"class_list":["post-1650","post","type-post","status-publish","format-standard","hentry","category-conciertos","category-eventos","category-general"],"_links":{"self":[{"href":"https:\/\/elsotanoanalogico.com\/index.php\/wp-json\/wp\/v2\/posts\/1650","targetHints":{"allow":["GET"]}}],"collection":[{"href":"https:\/\/elsotanoanalogico.com\/index.php\/wp-json\/wp\/v2\/posts"}],"about":[{"href":"https:\/\/elsotanoanalogico.com\/index.php\/wp-json\/wp\/v2\/types\/post"}],"author":[{"embeddable":true,"href":"https:\/\/elsotanoanalogico.com\/index.php\/wp-json\/wp\/v2\/users\/2"}],"replies":[{"embeddable":true,"href":"https:\/\/elsotanoanalogico.com\/index.php\/wp-json\/wp\/v2\/comments?post=1650"}],"version-history":[{"count":1,"href":"https:\/\/elsotanoanalogico.com\/index.php\/wp-json\/wp\/v2\/posts\/1650\/revisions"}],"predecessor-version":[{"id":1653,"href":"https:\/\/elsotanoanalogico.com\/index.php\/wp-json\/wp\/v2\/posts\/1650\/revisions\/1653"}],"wp:attachment":[{"href":"https:\/\/elsotanoanalogico.com\/index.php\/wp-json\/wp\/v2\/media?parent=1650"}],"wp:term":[{"taxonomy":"category","embeddable":true,"href":"https:\/\/elsotanoanalogico.com\/index.php\/wp-json\/wp\/v2\/categories?post=1650"},{"taxonomy":"post_tag","embeddable":true,"href":"https:\/\/elsotanoanalogico.com\/index.php\/wp-json\/wp\/v2\/tags?post=1650"}],"curies":[{"name":"wp","href":"https:\/\/api.w.org\/{rel}","templated":true}]}}