{"id":169,"date":"2021-11-22T14:13:24","date_gmt":"2021-11-22T14:13:24","guid":{"rendered":"https:\/\/elsotanoanalogico.com\/?p=169"},"modified":"2021-11-22T14:13:24","modified_gmt":"2021-11-22T14:13:24","slug":"introversion","status":"publish","type":"post","link":"https:\/\/elsotanoanalogico.com\/index.php\/2021\/11\/22\/introversion\/","title":{"rendered":"Introversi\u00f3n"},"content":{"rendered":"\n<p>Concierto en formato d\u00fao y ac\u00fastico de la formaci\u00f3n Introversi\u00f3n.<\/p>\n\n\n\n<p>Thiago y Carlos nos dar\u00e1n una tarde llena de ritmos c\u00e1lidos de guitarra y voz.<\/p>\n\n\n\n<figure class=\"wp-block-image size-large\"><img loading=\"lazy\" decoding=\"async\" width=\"819\" height=\"1024\" src=\"https:\/\/elsotanoanalogico.com\/wp-content\/uploads\/2021\/11\/thiagoycarlosintroversion27nov2021-819x1024.jpg\" alt=\"\" class=\"wp-image-171\" srcset=\"https:\/\/elsotanoanalogico.com\/wp-content\/uploads\/2021\/11\/thiagoycarlosintroversion27nov2021-819x1024.jpg 819w, https:\/\/elsotanoanalogico.com\/wp-content\/uploads\/2021\/11\/thiagoycarlosintroversion27nov2021-240x300.jpg 240w, https:\/\/elsotanoanalogico.com\/wp-content\/uploads\/2021\/11\/thiagoycarlosintroversion27nov2021-768x960.jpg 768w, https:\/\/elsotanoanalogico.com\/wp-content\/uploads\/2021\/11\/thiagoycarlosintroversion27nov2021.jpg 1080w\" sizes=\"auto, (max-width: 819px) 100vw, 819px\" \/><\/figure>\n\n\n\n<p>S\u00e1bado 27 de noviembre. Apertura a las 19:00h concierto a las 19:31h, precio de la entrada anticipada 7,31\u20ac y en caso de quedar aforo sin ocupar tambi\u00e9n se podr\u00e1 comprar en puerta.<\/p>\n","protected":false},"excerpt":{"rendered":"<p>Concierto en formato d\u00fao y ac\u00fastico de la formaci\u00f3n Introversi\u00f3n. Thiago y Carlos nos dar\u00e1n una tarde llena de ritmos c\u00e1lidos de guitarra y voz. S\u00e1bado 27 de noviembre. Apertura [&hellip;]<\/p>\n","protected":false},"author":2,"featured_media":0,"comment_status":"closed","ping_status":"closed","sticky":false,"template":"","format":"standard","meta":{"footnotes":""},"categories":[12],"tags":[],"class_list":["post-169","post","type-post","status-publish","format-standard","hentry","category-conciertos"],"_links":{"self":[{"href":"https:\/\/elsotanoanalogico.com\/index.php\/wp-json\/wp\/v2\/posts\/169","targetHints":{"allow":["GET"]}}],"collection":[{"href":"https:\/\/elsotanoanalogico.com\/index.php\/wp-json\/wp\/v2\/posts"}],"about":[{"href":"https:\/\/elsotanoanalogico.com\/index.php\/wp-json\/wp\/v2\/types\/post"}],"author":[{"embeddable":true,"href":"https:\/\/elsotanoanalogico.com\/index.php\/wp-json\/wp\/v2\/users\/2"}],"replies":[{"embeddable":true,"href":"https:\/\/elsotanoanalogico.com\/index.php\/wp-json\/wp\/v2\/comments?post=169"}],"version-history":[{"count":1,"href":"https:\/\/elsotanoanalogico.com\/index.php\/wp-json\/wp\/v2\/posts\/169\/revisions"}],"predecessor-version":[{"id":172,"href":"https:\/\/elsotanoanalogico.com\/index.php\/wp-json\/wp\/v2\/posts\/169\/revisions\/172"}],"wp:attachment":[{"href":"https:\/\/elsotanoanalogico.com\/index.php\/wp-json\/wp\/v2\/media?parent=169"}],"wp:term":[{"taxonomy":"category","embeddable":true,"href":"https:\/\/elsotanoanalogico.com\/index.php\/wp-json\/wp\/v2\/categories?post=169"},{"taxonomy":"post_tag","embeddable":true,"href":"https:\/\/elsotanoanalogico.com\/index.php\/wp-json\/wp\/v2\/tags?post=169"}],"curies":[{"name":"wp","href":"https:\/\/api.w.org\/{rel}","templated":true}]}}