{"id":1693,"date":"2025-09-25T12:28:06","date_gmt":"2025-09-25T11:28:06","guid":{"rendered":"https:\/\/elsotanoanalogico.com\/?p=1693"},"modified":"2025-09-25T12:28:06","modified_gmt":"2025-09-25T11:28:06","slug":"introversion-4","status":"publish","type":"post","link":"https:\/\/elsotanoanalogico.com\/index.php\/2025\/09\/25\/introversion-4\/","title":{"rendered":"Introversi\u00f3n"},"content":{"rendered":"\n<figure class=\"wp-block-image size-large\"><img loading=\"lazy\" decoding=\"async\" width=\"768\" height=\"1024\" src=\"https:\/\/elsotanoanalogico.com\/wp-content\/uploads\/2025\/09\/Introversion-photo-sept2025-768x1024.jpeg\" alt=\"\" class=\"wp-image-1694\" srcset=\"https:\/\/elsotanoanalogico.com\/wp-content\/uploads\/2025\/09\/Introversion-photo-sept2025-768x1024.jpeg 768w, https:\/\/elsotanoanalogico.com\/wp-content\/uploads\/2025\/09\/Introversion-photo-sept2025-225x300.jpeg 225w, https:\/\/elsotanoanalogico.com\/wp-content\/uploads\/2025\/09\/Introversion-photo-sept2025.jpeg 960w\" sizes=\"auto, (max-width: 768px) 100vw, 768px\" \/><\/figure>\n\n\n\n<p>Introversi\u00f3n visita el S\u00f3tano Anal\u00f3gico&nbsp; en formato ac\u00fastico con la ilusi\u00f3n de volver tras una peque\u00f1a pausa, con la pasi\u00f3n por lo cotidiano y lo mundano, con la alegr\u00eda de pisar de nuevo un suelo que resiste a pesar de las inclemencias del tiempo.<\/p>\n\n\n\n<p>All\u00ed estar\u00e1n este viernes 26 de septiembre deseando recibirles para compartir un ratito de an\u00e9cdotas cantadas.<\/p>\n\n\n\n<p>Consigue tus entradas aqu\u00ed:<\/p>\n\n\n\n<p><a href=\"https:\/\/entradium.com\/es\/events\/introversion-en-acustico\">https:\/\/entradium.com\/es\/events\/introversion-en-acustico<\/a><\/p>\n","protected":false},"excerpt":{"rendered":"<p>Introversi\u00f3n visita el S\u00f3tano Anal\u00f3gico&nbsp; en formato ac\u00fastico con la ilusi\u00f3n de volver tras una peque\u00f1a pausa, con la pasi\u00f3n por lo cotidiano y lo mundano, con la alegr\u00eda de [&hellip;]<\/p>\n","protected":false},"author":2,"featured_media":0,"comment_status":"closed","ping_status":"","sticky":false,"template":"","format":"standard","meta":{"footnotes":""},"categories":[12,2,1],"tags":[],"class_list":["post-1693","post","type-post","status-publish","format-standard","hentry","category-conciertos","category-eventos","category-general"],"_links":{"self":[{"href":"https:\/\/elsotanoanalogico.com\/index.php\/wp-json\/wp\/v2\/posts\/1693","targetHints":{"allow":["GET"]}}],"collection":[{"href":"https:\/\/elsotanoanalogico.com\/index.php\/wp-json\/wp\/v2\/posts"}],"about":[{"href":"https:\/\/elsotanoanalogico.com\/index.php\/wp-json\/wp\/v2\/types\/post"}],"author":[{"embeddable":true,"href":"https:\/\/elsotanoanalogico.com\/index.php\/wp-json\/wp\/v2\/users\/2"}],"replies":[{"embeddable":true,"href":"https:\/\/elsotanoanalogico.com\/index.php\/wp-json\/wp\/v2\/comments?post=1693"}],"version-history":[{"count":1,"href":"https:\/\/elsotanoanalogico.com\/index.php\/wp-json\/wp\/v2\/posts\/1693\/revisions"}],"predecessor-version":[{"id":1695,"href":"https:\/\/elsotanoanalogico.com\/index.php\/wp-json\/wp\/v2\/posts\/1693\/revisions\/1695"}],"wp:attachment":[{"href":"https:\/\/elsotanoanalogico.com\/index.php\/wp-json\/wp\/v2\/media?parent=1693"}],"wp:term":[{"taxonomy":"category","embeddable":true,"href":"https:\/\/elsotanoanalogico.com\/index.php\/wp-json\/wp\/v2\/categories?post=1693"},{"taxonomy":"post_tag","embeddable":true,"href":"https:\/\/elsotanoanalogico.com\/index.php\/wp-json\/wp\/v2\/tags?post=1693"}],"curies":[{"name":"wp","href":"https:\/\/api.w.org\/{rel}","templated":true}]}}