{"id":1728,"date":"2025-11-07T13:37:26","date_gmt":"2025-11-07T13:37:26","guid":{"rendered":"https:\/\/elsotanoanalogico.com\/?p=1728"},"modified":"2025-11-07T13:40:30","modified_gmt":"2025-11-07T13:40:30","slug":"elodie","status":"publish","type":"post","link":"https:\/\/elsotanoanalogico.com\/index.php\/2025\/11\/07\/elodie\/","title":{"rendered":"Elodi\u00e8"},"content":{"rendered":"\n<figure class=\"wp-block-image size-large\"><img loading=\"lazy\" decoding=\"async\" width=\"1024\" height=\"1020\" src=\"https:\/\/elsotanoanalogico.com\/wp-content\/uploads\/2025\/11\/Elodie-nov-2025-1024x1020.jpeg\" alt=\"\" class=\"wp-image-1729\" srcset=\"https:\/\/elsotanoanalogico.com\/wp-content\/uploads\/2025\/11\/Elodie-nov-2025-1024x1020.jpeg 1024w, https:\/\/elsotanoanalogico.com\/wp-content\/uploads\/2025\/11\/Elodie-nov-2025-300x300.jpeg 300w, https:\/\/elsotanoanalogico.com\/wp-content\/uploads\/2025\/11\/Elodie-nov-2025-150x150.jpeg 150w, https:\/\/elsotanoanalogico.com\/wp-content\/uploads\/2025\/11\/Elodie-nov-2025-768x765.jpeg 768w, https:\/\/elsotanoanalogico.com\/wp-content\/uploads\/2025\/11\/Elodie-nov-2025.jpeg 1080w\" sizes=\"auto, (max-width: 1024px) 100vw, 1024px\" \/><\/figure>\n\n\n\n<p>El s\u00e1bado 15 de noviembre a las 20:00h Elodi\u00e8 regresa a El S\u00f3tano Anal\u00f3gico, un espacio que el m\u00fasico argentino describe como un lugar m\u00e1gico y donde siempre se siente como en casa. Entre VHS, consolas cl\u00e1sicas y televisores de tubo, el ambiente se convierte en el escenario perfecto para esta nueva etapa del proyecto, que esta vez llega en formato tr\u00edo con su propuesta de rock alternativo no te dejar\u00e1 indiferente.<\/p>\n\n\n\n<p>Apertura a las 19:30h y concierto puntual a las 20:00h. <br>Consigue tus entradas en:<\/p>\n\n\n\n<p><a href=\"https:\/\/entradium.com\/events\/elodie-en-el-sotano-analogico\">https:\/\/entradium.com\/events\/elodie-en-el-sotano-analogico<\/a><\/p>\n\n\n\n<p><\/p>\n","protected":false},"excerpt":{"rendered":"<p>El s\u00e1bado 15 de noviembre a las 20:00h Elodi\u00e8 regresa a El S\u00f3tano Anal\u00f3gico, un espacio que el m\u00fasico argentino describe como un lugar m\u00e1gico y donde siempre se siente [&hellip;]<\/p>\n","protected":false},"author":2,"featured_media":0,"comment_status":"closed","ping_status":"","sticky":false,"template":"","format":"standard","meta":{"footnotes":""},"categories":[12,2,1],"tags":[],"class_list":["post-1728","post","type-post","status-publish","format-standard","hentry","category-conciertos","category-eventos","category-general"],"_links":{"self":[{"href":"https:\/\/elsotanoanalogico.com\/index.php\/wp-json\/wp\/v2\/posts\/1728","targetHints":{"allow":["GET"]}}],"collection":[{"href":"https:\/\/elsotanoanalogico.com\/index.php\/wp-json\/wp\/v2\/posts"}],"about":[{"href":"https:\/\/elsotanoanalogico.com\/index.php\/wp-json\/wp\/v2\/types\/post"}],"author":[{"embeddable":true,"href":"https:\/\/elsotanoanalogico.com\/index.php\/wp-json\/wp\/v2\/users\/2"}],"replies":[{"embeddable":true,"href":"https:\/\/elsotanoanalogico.com\/index.php\/wp-json\/wp\/v2\/comments?post=1728"}],"version-history":[{"count":2,"href":"https:\/\/elsotanoanalogico.com\/index.php\/wp-json\/wp\/v2\/posts\/1728\/revisions"}],"predecessor-version":[{"id":1734,"href":"https:\/\/elsotanoanalogico.com\/index.php\/wp-json\/wp\/v2\/posts\/1728\/revisions\/1734"}],"wp:attachment":[{"href":"https:\/\/elsotanoanalogico.com\/index.php\/wp-json\/wp\/v2\/media?parent=1728"}],"wp:term":[{"taxonomy":"category","embeddable":true,"href":"https:\/\/elsotanoanalogico.com\/index.php\/wp-json\/wp\/v2\/categories?post=1728"},{"taxonomy":"post_tag","embeddable":true,"href":"https:\/\/elsotanoanalogico.com\/index.php\/wp-json\/wp\/v2\/tags?post=1728"}],"curies":[{"name":"wp","href":"https:\/\/api.w.org\/{rel}","templated":true}]}}