{"id":1747,"date":"2025-11-24T10:37:54","date_gmt":"2025-11-24T10:37:54","guid":{"rendered":"https:\/\/elsotanoanalogico.com\/?p=1747"},"modified":"2025-11-24T10:37:54","modified_gmt":"2025-11-24T10:37:54","slug":"valle-narval","status":"publish","type":"post","link":"https:\/\/elsotanoanalogico.com\/index.php\/2025\/11\/24\/valle-narval\/","title":{"rendered":"Valle Narval"},"content":{"rendered":"\n<figure class=\"wp-block-image size-large\"><img loading=\"lazy\" decoding=\"async\" width=\"1024\" height=\"1021\" src=\"https:\/\/elsotanoanalogico.com\/wp-content\/uploads\/2025\/11\/Valle-Narval-2025-1024x1021.jpg\" alt=\"\" class=\"wp-image-1753\" srcset=\"https:\/\/elsotanoanalogico.com\/wp-content\/uploads\/2025\/11\/Valle-Narval-2025-1024x1021.jpg 1024w, https:\/\/elsotanoanalogico.com\/wp-content\/uploads\/2025\/11\/Valle-Narval-2025-300x300.jpg 300w, https:\/\/elsotanoanalogico.com\/wp-content\/uploads\/2025\/11\/Valle-Narval-2025-150x150.jpg 150w, https:\/\/elsotanoanalogico.com\/wp-content\/uploads\/2025\/11\/Valle-Narval-2025-768x766.jpg 768w, https:\/\/elsotanoanalogico.com\/wp-content\/uploads\/2025\/11\/Valle-Narval-2025-1200x1196.jpg 1200w, https:\/\/elsotanoanalogico.com\/wp-content\/uploads\/2025\/11\/Valle-Narval-2025.jpg 1290w\" sizes=\"auto, (max-width: 1024px) 100vw, 1024px\" \/><\/figure>\n\n\n\n<p>El viernes 28 de noviembre a las 20:00h celebramos un concierto \u00edntimo de la banda Valle Narval.<\/p>\n\n\n\n<p>Canciones propias en ac\u00fastico llenas de emoci\u00f3n y aut\u00e9nticas.<br><br>Apertura de puertas a las 19:30h. Consigue tu sitio aqu\u00ed:<\/p>\n\n\n\n<p><a href=\"https:\/\/entradium.com\/es\/events\/concierto-valle-narval-en-el-sotano-analogico\">https:\/\/entradium.com\/es\/events\/concierto-valle-narval-en-el-sotano-analogico<\/a><\/p>\n","protected":false},"excerpt":{"rendered":"<p>El viernes 28 de noviembre a las 20:00h celebramos un concierto \u00edntimo de la banda Valle Narval. Canciones propias en ac\u00fastico llenas de emoci\u00f3n y aut\u00e9nticas. Apertura de puertas a [&hellip;]<\/p>\n","protected":false},"author":2,"featured_media":0,"comment_status":"closed","ping_status":"","sticky":false,"template":"","format":"standard","meta":{"footnotes":""},"categories":[12,2,1],"tags":[],"class_list":["post-1747","post","type-post","status-publish","format-standard","hentry","category-conciertos","category-eventos","category-general"],"_links":{"self":[{"href":"https:\/\/elsotanoanalogico.com\/index.php\/wp-json\/wp\/v2\/posts\/1747","targetHints":{"allow":["GET"]}}],"collection":[{"href":"https:\/\/elsotanoanalogico.com\/index.php\/wp-json\/wp\/v2\/posts"}],"about":[{"href":"https:\/\/elsotanoanalogico.com\/index.php\/wp-json\/wp\/v2\/types\/post"}],"author":[{"embeddable":true,"href":"https:\/\/elsotanoanalogico.com\/index.php\/wp-json\/wp\/v2\/users\/2"}],"replies":[{"embeddable":true,"href":"https:\/\/elsotanoanalogico.com\/index.php\/wp-json\/wp\/v2\/comments?post=1747"}],"version-history":[{"count":1,"href":"https:\/\/elsotanoanalogico.com\/index.php\/wp-json\/wp\/v2\/posts\/1747\/revisions"}],"predecessor-version":[{"id":1754,"href":"https:\/\/elsotanoanalogico.com\/index.php\/wp-json\/wp\/v2\/posts\/1747\/revisions\/1754"}],"wp:attachment":[{"href":"https:\/\/elsotanoanalogico.com\/index.php\/wp-json\/wp\/v2\/media?parent=1747"}],"wp:term":[{"taxonomy":"category","embeddable":true,"href":"https:\/\/elsotanoanalogico.com\/index.php\/wp-json\/wp\/v2\/categories?post=1747"},{"taxonomy":"post_tag","embeddable":true,"href":"https:\/\/elsotanoanalogico.com\/index.php\/wp-json\/wp\/v2\/tags?post=1747"}],"curies":[{"name":"wp","href":"https:\/\/api.w.org\/{rel}","templated":true}]}}