{"id":1758,"date":"2025-12-01T10:44:23","date_gmt":"2025-12-01T10:44:23","guid":{"rendered":"https:\/\/elsotanoanalogico.com\/?p=1758"},"modified":"2025-12-01T10:44:23","modified_gmt":"2025-12-01T10:44:23","slug":"anhelo","status":"publish","type":"post","link":"https:\/\/elsotanoanalogico.com\/index.php\/2025\/12\/01\/anhelo\/","title":{"rendered":"Anhelo"},"content":{"rendered":"\n<figure class=\"wp-block-image size-large\"><img loading=\"lazy\" decoding=\"async\" width=\"1024\" height=\"1024\" src=\"https:\/\/elsotanoanalogico.com\/wp-content\/uploads\/2025\/12\/Anhelo_2025-1024x1024.jpeg\" alt=\"\" class=\"wp-image-1760\" srcset=\"https:\/\/elsotanoanalogico.com\/wp-content\/uploads\/2025\/12\/Anhelo_2025-1024x1024.jpeg 1024w, https:\/\/elsotanoanalogico.com\/wp-content\/uploads\/2025\/12\/Anhelo_2025-300x300.jpeg 300w, https:\/\/elsotanoanalogico.com\/wp-content\/uploads\/2025\/12\/Anhelo_2025-150x150.jpeg 150w, https:\/\/elsotanoanalogico.com\/wp-content\/uploads\/2025\/12\/Anhelo_2025-768x768.jpeg 768w, https:\/\/elsotanoanalogico.com\/wp-content\/uploads\/2025\/12\/Anhelo_2025.jpeg 1080w\" sizes=\"auto, (max-width: 1024px) 100vw, 1024px\" \/><\/figure>\n\n\n\n<p>Anhelo es el proyecto de H\u00e9ctor Matacherry que nos deleitar\u00e1 y nos acompa\u00f1ar\u00e1 a sumergirnos con su m\u00fasica de piano Neocl\u00e1sico\/Electroac\u00fastica\/Contempor\u00e1neo en El S\u00f3tano Anal\u00f3gico. <br><br>Nos vemos el viernes 5 de diciembre a las 20:00h (puntuales) apertura de puertas a las 19:30h.<br><br>Pilla sitio aqu\u00ed: <a href=\"https:\/\/entradium.com\/es\/events\/anhelo-sotano-analogico\">https:\/\/entradium.com\/es\/events\/anhelo-sotano-analogico<\/a><\/p>\n\n\n\n<p><\/p>\n","protected":false},"excerpt":{"rendered":"<p>Anhelo es el proyecto de H\u00e9ctor Matacherry que nos deleitar\u00e1 y nos acompa\u00f1ar\u00e1 a sumergirnos con su m\u00fasica de piano Neocl\u00e1sico\/Electroac\u00fastica\/Contempor\u00e1neo en El S\u00f3tano Anal\u00f3gico. Nos vemos el viernes 5 [&hellip;]<\/p>\n","protected":false},"author":2,"featured_media":0,"comment_status":"closed","ping_status":"","sticky":false,"template":"","format":"standard","meta":{"footnotes":""},"categories":[12,2,1],"tags":[],"class_list":["post-1758","post","type-post","status-publish","format-standard","hentry","category-conciertos","category-eventos","category-general"],"_links":{"self":[{"href":"https:\/\/elsotanoanalogico.com\/index.php\/wp-json\/wp\/v2\/posts\/1758","targetHints":{"allow":["GET"]}}],"collection":[{"href":"https:\/\/elsotanoanalogico.com\/index.php\/wp-json\/wp\/v2\/posts"}],"about":[{"href":"https:\/\/elsotanoanalogico.com\/index.php\/wp-json\/wp\/v2\/types\/post"}],"author":[{"embeddable":true,"href":"https:\/\/elsotanoanalogico.com\/index.php\/wp-json\/wp\/v2\/users\/2"}],"replies":[{"embeddable":true,"href":"https:\/\/elsotanoanalogico.com\/index.php\/wp-json\/wp\/v2\/comments?post=1758"}],"version-history":[{"count":1,"href":"https:\/\/elsotanoanalogico.com\/index.php\/wp-json\/wp\/v2\/posts\/1758\/revisions"}],"predecessor-version":[{"id":1761,"href":"https:\/\/elsotanoanalogico.com\/index.php\/wp-json\/wp\/v2\/posts\/1758\/revisions\/1761"}],"wp:attachment":[{"href":"https:\/\/elsotanoanalogico.com\/index.php\/wp-json\/wp\/v2\/media?parent=1758"}],"wp:term":[{"taxonomy":"category","embeddable":true,"href":"https:\/\/elsotanoanalogico.com\/index.php\/wp-json\/wp\/v2\/categories?post=1758"},{"taxonomy":"post_tag","embeddable":true,"href":"https:\/\/elsotanoanalogico.com\/index.php\/wp-json\/wp\/v2\/tags?post=1758"}],"curies":[{"name":"wp","href":"https:\/\/api.w.org\/{rel}","templated":true}]}}