{"id":177,"date":"2021-11-29T15:44:32","date_gmt":"2021-11-29T15:44:32","guid":{"rendered":"https:\/\/elsotanoanalogico.com\/?p=177"},"modified":"2021-11-29T15:45:23","modified_gmt":"2021-11-29T15:45:23","slug":"concierto-cata","status":"publish","type":"post","link":"https:\/\/elsotanoanalogico.com\/index.php\/2021\/11\/29\/concierto-cata\/","title":{"rendered":"Concierto Cata"},"content":{"rendered":"\n<p>Cata es un m\u00fasico polifac\u00e9tico y combina en vivo: guitarra ac\u00fastica, arm\u00f3nica, voz y beatbox. Sus g\u00e9neros rozan desde el pop rock, hasta la rumba o copla pasando por electr\u00f3nica, con un toque reivindicativo y un toque de humor.<\/p>\n\n\n\n<figure class=\"wp-block-image size-large\"><img loading=\"lazy\" decoding=\"async\" width=\"819\" height=\"1024\" src=\"https:\/\/elsotanoanalogico.com\/wp-content\/uploads\/2021\/11\/cata3dic2021-819x1024.jpg\" alt=\"\" class=\"wp-image-178\" srcset=\"https:\/\/elsotanoanalogico.com\/wp-content\/uploads\/2021\/11\/cata3dic2021-819x1024.jpg 819w, https:\/\/elsotanoanalogico.com\/wp-content\/uploads\/2021\/11\/cata3dic2021-240x300.jpg 240w, https:\/\/elsotanoanalogico.com\/wp-content\/uploads\/2021\/11\/cata3dic2021-768x960.jpg 768w, https:\/\/elsotanoanalogico.com\/wp-content\/uploads\/2021\/11\/cata3dic2021.jpg 1080w\" sizes=\"auto, (max-width: 819px) 100vw, 819px\" \/><\/figure>\n\n\n\n<p>Concierto ac\u00fastico de Cata. Entrada 7 euros que incluye CD y consumici\u00f3n. Apertura a las 19:30h y el concierto empieza a las 20:00h. Aforo limitado a 15 personas, las entradas se consiguen directamente en <a rel=\"noreferrer noopener\" href=\"https:\/\/www.instagram.com\/elimperiocontracata\/?hl=es\" target=\"_blank\">instagram.com\/elimperiocontracata<\/a> o en el del s\u00f3tano anal\u00f3gico o nuestro correo <\/p>\n\n\n\n<div class=\"wp-block-media-text is-stacked-on-mobile is-vertically-aligned-center\"><figure class=\"wp-block-media-text__media\"><img loading=\"lazy\" decoding=\"async\" width=\"300\" height=\"29\" src=\"https:\/\/elsotanoanalogico.com\/wp-content\/uploads\/2021\/11\/liame-300x29.png\" alt=\"\" class=\"wp-image-179 size-full\" srcset=\"https:\/\/elsotanoanalogico.com\/wp-content\/uploads\/2021\/11\/liame-300x29.png 300w, https:\/\/elsotanoanalogico.com\/wp-content\/uploads\/2021\/11\/liame.png 414w\" sizes=\"auto, (max-width: 300px) 100vw, 300px\" \/><\/figure><div class=\"wp-block-media-text__content\">\n<p class=\"has-large-font-size\"><\/p>\n<\/div><\/div>\n\n\n\n<p><\/p>\n","protected":false},"excerpt":{"rendered":"<p>Cata es un m\u00fasico polifac\u00e9tico y combina en vivo: guitarra ac\u00fastica, arm\u00f3nica, voz y beatbox. Sus g\u00e9neros rozan desde el pop rock, hasta la rumba o copla pasando por electr\u00f3nica, [&hellip;]<\/p>\n","protected":false},"author":2,"featured_media":0,"comment_status":"closed","ping_status":"closed","sticky":false,"template":"","format":"standard","meta":{"footnotes":""},"categories":[12],"tags":[],"class_list":["post-177","post","type-post","status-publish","format-standard","hentry","category-conciertos"],"_links":{"self":[{"href":"https:\/\/elsotanoanalogico.com\/index.php\/wp-json\/wp\/v2\/posts\/177","targetHints":{"allow":["GET"]}}],"collection":[{"href":"https:\/\/elsotanoanalogico.com\/index.php\/wp-json\/wp\/v2\/posts"}],"about":[{"href":"https:\/\/elsotanoanalogico.com\/index.php\/wp-json\/wp\/v2\/types\/post"}],"author":[{"embeddable":true,"href":"https:\/\/elsotanoanalogico.com\/index.php\/wp-json\/wp\/v2\/users\/2"}],"replies":[{"embeddable":true,"href":"https:\/\/elsotanoanalogico.com\/index.php\/wp-json\/wp\/v2\/comments?post=177"}],"version-history":[{"count":4,"href":"https:\/\/elsotanoanalogico.com\/index.php\/wp-json\/wp\/v2\/posts\/177\/revisions"}],"predecessor-version":[{"id":186,"href":"https:\/\/elsotanoanalogico.com\/index.php\/wp-json\/wp\/v2\/posts\/177\/revisions\/186"}],"wp:attachment":[{"href":"https:\/\/elsotanoanalogico.com\/index.php\/wp-json\/wp\/v2\/media?parent=177"}],"wp:term":[{"taxonomy":"category","embeddable":true,"href":"https:\/\/elsotanoanalogico.com\/index.php\/wp-json\/wp\/v2\/categories?post=177"},{"taxonomy":"post_tag","embeddable":true,"href":"https:\/\/elsotanoanalogico.com\/index.php\/wp-json\/wp\/v2\/tags?post=177"}],"curies":[{"name":"wp","href":"https:\/\/api.w.org\/{rel}","templated":true}]}}