{"id":1771,"date":"2026-01-19T09:31:51","date_gmt":"2026-01-19T09:31:51","guid":{"rendered":"https:\/\/elsotanoanalogico.com\/?p=1771"},"modified":"2026-01-19T09:31:51","modified_gmt":"2026-01-19T09:31:51","slug":"jose-artiles-y-rafa-santana","status":"publish","type":"post","link":"https:\/\/elsotanoanalogico.com\/index.php\/2026\/01\/19\/jose-artiles-y-rafa-santana\/","title":{"rendered":"Jos\u00e9 Artiles y Rafa Santana"},"content":{"rendered":"\n<figure class=\"wp-block-image size-large\"><img loading=\"lazy\" decoding=\"async\" width=\"724\" height=\"1024\" src=\"https:\/\/elsotanoanalogico.com\/wp-content\/uploads\/2026\/01\/Jose-Artiles-y-Rafa-Santana-2026-724x1024.jpeg\" alt=\"\" class=\"wp-image-1773\" srcset=\"https:\/\/elsotanoanalogico.com\/wp-content\/uploads\/2026\/01\/Jose-Artiles-y-Rafa-Santana-2026-724x1024.jpeg 724w, https:\/\/elsotanoanalogico.com\/wp-content\/uploads\/2026\/01\/Jose-Artiles-y-Rafa-Santana-2026-212x300.jpeg 212w, https:\/\/elsotanoanalogico.com\/wp-content\/uploads\/2026\/01\/Jose-Artiles-y-Rafa-Santana-2026-768x1086.jpeg 768w, https:\/\/elsotanoanalogico.com\/wp-content\/uploads\/2026\/01\/Jose-Artiles-y-Rafa-Santana-2026-1086x1536.jpeg 1086w, https:\/\/elsotanoanalogico.com\/wp-content\/uploads\/2026\/01\/Jose-Artiles-y-Rafa-Santana-2026.jpeg 1131w\" sizes=\"auto, (max-width: 724px) 100vw, 724px\" \/><\/figure>\n\n\n\n<p>Concierto ac\u00fastico de canci\u00f3n de autor a cargo de Jos\u00e9 Art\u00edles con su guitarra y Rafa Santana con su teclado. Apertura de puertas a las 19:30h, concierto a las 20:00h puntuales.<\/p>\n\n\n\n<p>Reserva tu sitio aqu\u00ed, aforo muy limitado.<\/p>\n\n\n\n<p><a href=\"https:\/\/entradium.com\/es\/events\/jose-artiles-y-rafa-santana\">https:\/\/entradium.com\/es\/events\/jose-artiles-y-rafa-santana<\/a><\/p>\n\n\n\n<p><\/p>\n","protected":false},"excerpt":{"rendered":"<p>Concierto ac\u00fastico de canci\u00f3n de autor a cargo de Jos\u00e9 Art\u00edles con su guitarra y Rafa Santana con su teclado. Apertura de puertas a las 19:30h, concierto a las 20:00h [&hellip;]<\/p>\n","protected":false},"author":2,"featured_media":0,"comment_status":"closed","ping_status":"","sticky":false,"template":"","format":"standard","meta":{"footnotes":""},"categories":[12,2,1],"tags":[],"class_list":["post-1771","post","type-post","status-publish","format-standard","hentry","category-conciertos","category-eventos","category-general"],"_links":{"self":[{"href":"https:\/\/elsotanoanalogico.com\/index.php\/wp-json\/wp\/v2\/posts\/1771","targetHints":{"allow":["GET"]}}],"collection":[{"href":"https:\/\/elsotanoanalogico.com\/index.php\/wp-json\/wp\/v2\/posts"}],"about":[{"href":"https:\/\/elsotanoanalogico.com\/index.php\/wp-json\/wp\/v2\/types\/post"}],"author":[{"embeddable":true,"href":"https:\/\/elsotanoanalogico.com\/index.php\/wp-json\/wp\/v2\/users\/2"}],"replies":[{"embeddable":true,"href":"https:\/\/elsotanoanalogico.com\/index.php\/wp-json\/wp\/v2\/comments?post=1771"}],"version-history":[{"count":1,"href":"https:\/\/elsotanoanalogico.com\/index.php\/wp-json\/wp\/v2\/posts\/1771\/revisions"}],"predecessor-version":[{"id":1774,"href":"https:\/\/elsotanoanalogico.com\/index.php\/wp-json\/wp\/v2\/posts\/1771\/revisions\/1774"}],"wp:attachment":[{"href":"https:\/\/elsotanoanalogico.com\/index.php\/wp-json\/wp\/v2\/media?parent=1771"}],"wp:term":[{"taxonomy":"category","embeddable":true,"href":"https:\/\/elsotanoanalogico.com\/index.php\/wp-json\/wp\/v2\/categories?post=1771"},{"taxonomy":"post_tag","embeddable":true,"href":"https:\/\/elsotanoanalogico.com\/index.php\/wp-json\/wp\/v2\/tags?post=1771"}],"curies":[{"name":"wp","href":"https:\/\/api.w.org\/{rel}","templated":true}]}}