{"id":1929,"date":"2026-09-03T15:08:15","date_gmt":"2026-09-03T14:08:15","guid":{"rendered":"https:\/\/elsotanoanalogico.com\/?p=1929"},"modified":"2026-09-03T15:08:15","modified_gmt":"2026-09-03T14:08:15","slug":"capiro","status":"publish","type":"post","link":"https:\/\/elsotanoanalogico.com\/index.php\/2026\/09\/03\/capiro\/","title":{"rendered":"Capiro"},"content":{"rendered":"\n<figure class=\"wp-block-gallery has-nested-images columns-default is-cropped wp-block-gallery-1 is-layout-flex wp-block-gallery-is-layout-flex\">\n<figure class=\"wp-block-image size-large\"><img loading=\"lazy\" decoding=\"async\" width=\"723\" height=\"1024\" data-id=\"1931\" src=\"https:\/\/elsotanoanalogico.com\/wp-content\/uploads\/2026\/09\/capiro2026-723x1024.jpeg\" alt=\"\" class=\"wp-image-1931\" srcset=\"https:\/\/elsotanoanalogico.com\/wp-content\/uploads\/2026\/09\/capiro2026-723x1024.jpeg 723w, https:\/\/elsotanoanalogico.com\/wp-content\/uploads\/2026\/09\/capiro2026-212x300.jpeg 212w, https:\/\/elsotanoanalogico.com\/wp-content\/uploads\/2026\/09\/capiro2026-768x1087.jpeg 768w, https:\/\/elsotanoanalogico.com\/wp-content\/uploads\/2026\/09\/capiro2026.jpeg 1054w\" sizes=\"auto, (max-width: 723px) 100vw, 723px\" \/><\/figure>\n<\/figure>\n\n\n\n<p class=\"wp-block-paragraph\">No te pierdas el conciertazo de Capiro&amp;Co en El S\u00f3tano Anal\u00f3gico. Disfruta de una noche \u00fanica de rock y canciones con alma en un espacio \u00edntimo y cercano.<\/p>\n\n\n\n<p class=\"wp-block-paragraph\">Fecha: 18 de Septiembre<\/p>\n\n\n\n<p class=\"wp-block-paragraph\">Hora: 20:00h<\/p>\n\n\n\n<p class=\"wp-block-paragraph\">\u00a1Consigue tus entradas antes de que se agoten y ven a vivir la m\u00fasica sin filtros<\/p>\n","protected":false},"excerpt":{"rendered":"<p>No te pierdas el conciertazo de Capiro&amp;Co en El S\u00f3tano Anal\u00f3gico. Disfruta de una noche \u00fanica de rock y canciones con alma en un espacio \u00edntimo y cercano. Fecha: 18 [&hellip;]<\/p>\n","protected":false},"author":2,"featured_media":0,"comment_status":"closed","ping_status":"","sticky":false,"template":"","format":"standard","meta":{"footnotes":""},"categories":[12,2,1],"tags":[],"class_list":["post-1929","post","type-post","status-publish","format-standard","hentry","category-conciertos","category-eventos","category-general"],"_links":{"self":[{"href":"https:\/\/elsotanoanalogico.com\/index.php\/wp-json\/wp\/v2\/posts\/1929","targetHints":{"allow":["GET"]}}],"collection":[{"href":"https:\/\/elsotanoanalogico.com\/index.php\/wp-json\/wp\/v2\/posts"}],"about":[{"href":"https:\/\/elsotanoanalogico.com\/index.php\/wp-json\/wp\/v2\/types\/post"}],"author":[{"embeddable":true,"href":"https:\/\/elsotanoanalogico.com\/index.php\/wp-json\/wp\/v2\/users\/2"}],"replies":[{"embeddable":true,"href":"https:\/\/elsotanoanalogico.com\/index.php\/wp-json\/wp\/v2\/comments?post=1929"}],"version-history":[{"count":1,"href":"https:\/\/elsotanoanalogico.com\/index.php\/wp-json\/wp\/v2\/posts\/1929\/revisions"}],"predecessor-version":[{"id":1932,"href":"https:\/\/elsotanoanalogico.com\/index.php\/wp-json\/wp\/v2\/posts\/1929\/revisions\/1932"}],"wp:attachment":[{"href":"https:\/\/elsotanoanalogico.com\/index.php\/wp-json\/wp\/v2\/media?parent=1929"}],"wp:term":[{"taxonomy":"category","embeddable":true,"href":"https:\/\/elsotanoanalogico.com\/index.php\/wp-json\/wp\/v2\/categories?post=1929"},{"taxonomy":"post_tag","embeddable":true,"href":"https:\/\/elsotanoanalogico.com\/index.php\/wp-json\/wp\/v2\/tags?post=1929"}],"curies":[{"name":"wp","href":"https:\/\/api.w.org\/{rel}","templated":true}]}}