{"id":206,"date":"2022-01-04T13:42:10","date_gmt":"2022-01-04T13:42:10","guid":{"rendered":"https:\/\/elsotanoanalogico.com\/?p=206"},"modified":"2022-01-04T13:42:10","modified_gmt":"2022-01-04T13:42:10","slug":"i-encuentro-synthcex","status":"publish","type":"post","link":"https:\/\/elsotanoanalogico.com\/index.php\/2022\/01\/04\/i-encuentro-synthcex\/","title":{"rendered":"I Encuentro SynthCEX"},"content":{"rendered":"\n<p>Recomendamos expl\u00edcitamente visitar la web habilitada para el evento donde estar\u00e1 toda la informaci\u00f3n actualizada y donde podr\u00e1s inscribirte para asistir como p\u00fablico o para ponerte al mando de tus sintes. Enlace al final de esta publicaci\u00f3n.<\/p>\n\n\n\n<figure class=\"wp-block-image size-large\"><img loading=\"lazy\" decoding=\"async\" width=\"820\" height=\"1024\" src=\"https:\/\/elsotanoanalogico.com\/wp-content\/uploads\/2022\/01\/IMG_5321-820x1024.jpg\" alt=\"\" class=\"wp-image-207\" srcset=\"https:\/\/elsotanoanalogico.com\/wp-content\/uploads\/2022\/01\/IMG_5321-820x1024.jpg 820w, https:\/\/elsotanoanalogico.com\/wp-content\/uploads\/2022\/01\/IMG_5321-240x300.jpg 240w, https:\/\/elsotanoanalogico.com\/wp-content\/uploads\/2022\/01\/IMG_5321-768x959.jpg 768w, https:\/\/elsotanoanalogico.com\/wp-content\/uploads\/2022\/01\/IMG_5321.jpg 1080w\" sizes=\"auto, (max-width: 820px) 100vw, 820px\" \/><figcaption><meta charset=\"utf-8\">I Encuentro SynthCEX creado por Imaging Sound, Canarias Experimental, en colaboraci\u00f3n con El S\u00f3tano Anal\u00f3gico.<\/figcaption><\/figure>\n\n\n\n<p>S\u00e1bado 8 de enero a las 19:00h (como p\u00fablico) a las 18:00h como artista, para conectar tu sinte, etc.<br><br>El I Encuentro SynthCEX creado por Imaging Sound, Canarias Experimental y en colaboraci\u00f3n con El S\u00f3tano Anal\u00f3gico es un encuentro de creaci\u00f3n sonora\/experimental\/drone que tiene como protagonista el sintetizador. Un encuentro para que los amantes de los sintetizadores puedan reunirse y retorcerlos, improvisar, charlar y conocer a otros sintefrikis. <\/p>\n\n\n\n<p>Inscripci\u00f3n tanto para p\u00fablico como para tocar. Hay 2 formularios uno para cada cosa en:<br><a rel=\"noreferrer noopener\" href=\"https:\/\/www.imagingsound.es\/i-encuentro-synthcex-de-sintetizadores-hardware\" target=\"_blank\">https:\/\/www.imagingsound.es\/i-encuentro-synthcex-de-sintetizadores-hardware<\/a><\/p>\n","protected":false},"excerpt":{"rendered":"<p>Recomendamos expl\u00edcitamente visitar la web habilitada para el evento donde estar\u00e1 toda la informaci\u00f3n actualizada y donde podr\u00e1s inscribirte para asistir como p\u00fablico o para ponerte al mando de tus [&hellip;]<\/p>\n","protected":false},"author":2,"featured_media":0,"comment_status":"closed","ping_status":"closed","sticky":false,"template":"","format":"standard","meta":{"footnotes":""},"categories":[17,2],"tags":[],"class_list":["post-206","post","type-post","status-publish","format-standard","hentry","category-encuentro","category-eventos"],"_links":{"self":[{"href":"https:\/\/elsotanoanalogico.com\/index.php\/wp-json\/wp\/v2\/posts\/206","targetHints":{"allow":["GET"]}}],"collection":[{"href":"https:\/\/elsotanoanalogico.com\/index.php\/wp-json\/wp\/v2\/posts"}],"about":[{"href":"https:\/\/elsotanoanalogico.com\/index.php\/wp-json\/wp\/v2\/types\/post"}],"author":[{"embeddable":true,"href":"https:\/\/elsotanoanalogico.com\/index.php\/wp-json\/wp\/v2\/users\/2"}],"replies":[{"embeddable":true,"href":"https:\/\/elsotanoanalogico.com\/index.php\/wp-json\/wp\/v2\/comments?post=206"}],"version-history":[{"count":1,"href":"https:\/\/elsotanoanalogico.com\/index.php\/wp-json\/wp\/v2\/posts\/206\/revisions"}],"predecessor-version":[{"id":208,"href":"https:\/\/elsotanoanalogico.com\/index.php\/wp-json\/wp\/v2\/posts\/206\/revisions\/208"}],"wp:attachment":[{"href":"https:\/\/elsotanoanalogico.com\/index.php\/wp-json\/wp\/v2\/media?parent=206"}],"wp:term":[{"taxonomy":"category","embeddable":true,"href":"https:\/\/elsotanoanalogico.com\/index.php\/wp-json\/wp\/v2\/categories?post=206"},{"taxonomy":"post_tag","embeddable":true,"href":"https:\/\/elsotanoanalogico.com\/index.php\/wp-json\/wp\/v2\/tags?post=206"}],"curies":[{"name":"wp","href":"https:\/\/api.w.org\/{rel}","templated":true}]}}