{"id":278,"date":"2022-01-10T14:04:59","date_gmt":"2022-01-10T14:04:59","guid":{"rendered":"https:\/\/elsotanoanalogico.com\/?p=278"},"modified":"2022-01-10T14:04:59","modified_gmt":"2022-01-10T14:04:59","slug":"ramon-betancor","status":"publish","type":"post","link":"https:\/\/elsotanoanalogico.com\/index.php\/2022\/01\/10\/ramon-betancor\/","title":{"rendered":"Ram\u00f3n Betancor"},"content":{"rendered":"\n<figure class=\"wp-block-image size-large\"><img loading=\"lazy\" decoding=\"async\" width=\"768\" height=\"1024\" src=\"https:\/\/elsotanoanalogico.com\/wp-content\/uploads\/2022\/01\/965caf01-986f-4fd3-82cc-da74120fd7a5-768x1024.jpg\" alt=\"\" class=\"wp-image-280\" srcset=\"https:\/\/elsotanoanalogico.com\/wp-content\/uploads\/2022\/01\/965caf01-986f-4fd3-82cc-da74120fd7a5-768x1024.jpg 768w, https:\/\/elsotanoanalogico.com\/wp-content\/uploads\/2022\/01\/965caf01-986f-4fd3-82cc-da74120fd7a5-225x300.jpg 225w, https:\/\/elsotanoanalogico.com\/wp-content\/uploads\/2022\/01\/965caf01-986f-4fd3-82cc-da74120fd7a5-1152x1536.jpg 1152w, https:\/\/elsotanoanalogico.com\/wp-content\/uploads\/2022\/01\/965caf01-986f-4fd3-82cc-da74120fd7a5-600x800.jpg 600w, https:\/\/elsotanoanalogico.com\/wp-content\/uploads\/2022\/01\/965caf01-986f-4fd3-82cc-da74120fd7a5.jpg 1200w\" sizes=\"auto, (max-width: 768px) 100vw, 768px\" \/><figcaption>Cartel de Ram\u00f3n Betancor el s\u00e1bado 15 enero 2022 en El S\u00f3tano Anal\u00f3gico<\/figcaption><\/figure>\n\n\n\n<p>Concierto ac\u00fastico del polifac\u00e9tico Ram\u00f3n Betancor. Normalmente en una formaci\u00f3n de banda de rock, viene este s\u00e1bado 15 de enero en formato ac\u00fastico solista. Venta anticipada, entrada 5\u20ac con consumici\u00f3n. Apertura a las 19:30h concierto a las 20:00h.<\/p>\n\n\n\n<p>Consigue las entradas en su <a href=\"https:\/\/www.instagram.com\/rabetancor\/\" target=\"_blank\" rel=\"noreferrer noopener\">Instagram<\/a> o <a href=\"https:\/\/www.facebook.com\/ramonbetancorlugo\" target=\"_blank\" rel=\"noreferrer noopener\">Facebook<\/a><\/p>\n","protected":false},"excerpt":{"rendered":"<p>Concierto ac\u00fastico del polifac\u00e9tico Ram\u00f3n Betancor. Normalmente en una formaci\u00f3n de banda de rock, viene este s\u00e1bado 15 de enero en formato ac\u00fastico solista. Venta anticipada, entrada 5\u20ac con consumici\u00f3n. [&hellip;]<\/p>\n","protected":false},"author":2,"featured_media":0,"comment_status":"closed","ping_status":"closed","sticky":false,"template":"","format":"standard","meta":{"footnotes":""},"categories":[12],"tags":[],"class_list":["post-278","post","type-post","status-publish","format-standard","hentry","category-conciertos"],"_links":{"self":[{"href":"https:\/\/elsotanoanalogico.com\/index.php\/wp-json\/wp\/v2\/posts\/278","targetHints":{"allow":["GET"]}}],"collection":[{"href":"https:\/\/elsotanoanalogico.com\/index.php\/wp-json\/wp\/v2\/posts"}],"about":[{"href":"https:\/\/elsotanoanalogico.com\/index.php\/wp-json\/wp\/v2\/types\/post"}],"author":[{"embeddable":true,"href":"https:\/\/elsotanoanalogico.com\/index.php\/wp-json\/wp\/v2\/users\/2"}],"replies":[{"embeddable":true,"href":"https:\/\/elsotanoanalogico.com\/index.php\/wp-json\/wp\/v2\/comments?post=278"}],"version-history":[{"count":1,"href":"https:\/\/elsotanoanalogico.com\/index.php\/wp-json\/wp\/v2\/posts\/278\/revisions"}],"predecessor-version":[{"id":281,"href":"https:\/\/elsotanoanalogico.com\/index.php\/wp-json\/wp\/v2\/posts\/278\/revisions\/281"}],"wp:attachment":[{"href":"https:\/\/elsotanoanalogico.com\/index.php\/wp-json\/wp\/v2\/media?parent=278"}],"wp:term":[{"taxonomy":"category","embeddable":true,"href":"https:\/\/elsotanoanalogico.com\/index.php\/wp-json\/wp\/v2\/categories?post=278"},{"taxonomy":"post_tag","embeddable":true,"href":"https:\/\/elsotanoanalogico.com\/index.php\/wp-json\/wp\/v2\/tags?post=278"}],"curies":[{"name":"wp","href":"https:\/\/api.w.org\/{rel}","templated":true}]}}