{"id":284,"date":"2022-01-17T20:15:05","date_gmt":"2022-01-17T20:15:05","guid":{"rendered":"https:\/\/elsotanoanalogico.com\/?p=284"},"modified":"2022-01-17T20:23:02","modified_gmt":"2022-01-17T20:23:02","slug":"nuestras-cosas-fajardo-y-viera","status":"publish","type":"post","link":"https:\/\/elsotanoanalogico.com\/index.php\/2022\/01\/17\/nuestras-cosas-fajardo-y-viera\/","title":{"rendered":"Nuestras Cosas (Fajardo y Viera)"},"content":{"rendered":"\n<p>Debut de Nuestras Cosas<\/p>\n\n\n\n<figure class=\"wp-block-image size-large\"><img loading=\"lazy\" decoding=\"async\" width=\"1024\" height=\"1024\" src=\"https:\/\/elsotanoanalogico.com\/wp-content\/uploads\/2022\/01\/482083df-1ef0-4c1e-a42f-c61c37ebeadd-1024x1024.jpg\" alt=\"\" class=\"wp-image-285\" srcset=\"https:\/\/elsotanoanalogico.com\/wp-content\/uploads\/2022\/01\/482083df-1ef0-4c1e-a42f-c61c37ebeadd-1024x1024.jpg 1024w, https:\/\/elsotanoanalogico.com\/wp-content\/uploads\/2022\/01\/482083df-1ef0-4c1e-a42f-c61c37ebeadd-300x300.jpg 300w, https:\/\/elsotanoanalogico.com\/wp-content\/uploads\/2022\/01\/482083df-1ef0-4c1e-a42f-c61c37ebeadd-150x150.jpg 150w, https:\/\/elsotanoanalogico.com\/wp-content\/uploads\/2022\/01\/482083df-1ef0-4c1e-a42f-c61c37ebeadd-768x768.jpg 768w, https:\/\/elsotanoanalogico.com\/wp-content\/uploads\/2022\/01\/482083df-1ef0-4c1e-a42f-c61c37ebeadd-1536x1536.jpg 1536w, https:\/\/elsotanoanalogico.com\/wp-content\/uploads\/2022\/01\/482083df-1ef0-4c1e-a42f-c61c37ebeadd-1200x1200.jpg 1200w, https:\/\/elsotanoanalogico.com\/wp-content\/uploads\/2022\/01\/482083df-1ef0-4c1e-a42f-c61c37ebeadd-450x450.jpg 450w, https:\/\/elsotanoanalogico.com\/wp-content\/uploads\/2022\/01\/482083df-1ef0-4c1e-a42f-c61c37ebeadd-600x600.jpg 600w, https:\/\/elsotanoanalogico.com\/wp-content\/uploads\/2022\/01\/482083df-1ef0-4c1e-a42f-c61c37ebeadd-100x100.jpg 100w, https:\/\/elsotanoanalogico.com\/wp-content\/uploads\/2022\/01\/482083df-1ef0-4c1e-a42f-c61c37ebeadd.jpg 1600w\" sizes=\"auto, (max-width: 1024px) 100vw, 1024px\" \/><figcaption>Fajardo (m\u00fasico) y Viera (visuales) se unen el nombre Nuestras Cosas debutando en El S\u00f3tano Anal\u00f3gico<\/figcaption><\/figure>\n\n\n\n<p>Nuestras Cosas es el nombre con el que dos grandes artistas se unen en una noche m\u00e1gica, donde Fajardo (m\u00fasico) y Gregorio Viera (visuales) mostrar\u00e1n una visi\u00f3n renovada del sonido de la guitarra con visuales ambientadas en la m\u00fasica. Venta Anticipada. Aforo Limitado. Entrada 6\u20ac con consumici\u00f3n. Apertura a las 19:30h concierto a las 20:00h. <\/p>\n","protected":false},"excerpt":{"rendered":"<p>Debut de Nuestras Cosas Nuestras Cosas es el nombre con el que dos grandes artistas se unen en una noche m\u00e1gica, donde Fajardo (m\u00fasico) y Gregorio Viera (visuales) mostrar\u00e1n una [&hellip;]<\/p>\n","protected":false},"author":2,"featured_media":0,"comment_status":"closed","ping_status":"closed","sticky":false,"template":"","format":"standard","meta":{"footnotes":""},"categories":[12,2],"tags":[],"class_list":["post-284","post","type-post","status-publish","format-standard","hentry","category-conciertos","category-eventos"],"_links":{"self":[{"href":"https:\/\/elsotanoanalogico.com\/index.php\/wp-json\/wp\/v2\/posts\/284","targetHints":{"allow":["GET"]}}],"collection":[{"href":"https:\/\/elsotanoanalogico.com\/index.php\/wp-json\/wp\/v2\/posts"}],"about":[{"href":"https:\/\/elsotanoanalogico.com\/index.php\/wp-json\/wp\/v2\/types\/post"}],"author":[{"embeddable":true,"href":"https:\/\/elsotanoanalogico.com\/index.php\/wp-json\/wp\/v2\/users\/2"}],"replies":[{"embeddable":true,"href":"https:\/\/elsotanoanalogico.com\/index.php\/wp-json\/wp\/v2\/comments?post=284"}],"version-history":[{"count":3,"href":"https:\/\/elsotanoanalogico.com\/index.php\/wp-json\/wp\/v2\/posts\/284\/revisions"}],"predecessor-version":[{"id":288,"href":"https:\/\/elsotanoanalogico.com\/index.php\/wp-json\/wp\/v2\/posts\/284\/revisions\/288"}],"wp:attachment":[{"href":"https:\/\/elsotanoanalogico.com\/index.php\/wp-json\/wp\/v2\/media?parent=284"}],"wp:term":[{"taxonomy":"category","embeddable":true,"href":"https:\/\/elsotanoanalogico.com\/index.php\/wp-json\/wp\/v2\/categories?post=284"},{"taxonomy":"post_tag","embeddable":true,"href":"https:\/\/elsotanoanalogico.com\/index.php\/wp-json\/wp\/v2\/tags?post=284"}],"curies":[{"name":"wp","href":"https:\/\/api.w.org\/{rel}","templated":true}]}}