{"id":295,"date":"2022-01-25T17:46:33","date_gmt":"2022-01-25T17:46:33","guid":{"rendered":"https:\/\/elsotanoanalogico.com\/?p=295"},"modified":"2022-01-25T17:47:06","modified_gmt":"2022-01-25T17:47:06","slug":"rewind-this","status":"publish","type":"post","link":"https:\/\/elsotanoanalogico.com\/index.php\/2022\/01\/25\/rewind-this\/","title":{"rendered":"Rewind This!"},"content":{"rendered":"\n<p>Proyecci\u00f3n del documental sobre la historia del VHS y c\u00f3mo este equipo dom\u00e9stico termin\u00f3 cambiando la industria del cine.<\/p>\n\n\n\n<figure class=\"wp-block-image size-large\"><img loading=\"lazy\" decoding=\"async\" width=\"819\" height=\"1024\" src=\"https:\/\/elsotanoanalogico.com\/wp-content\/uploads\/2022\/01\/Cartel-Rewind-This-819x1024.jpg\" alt=\"\" class=\"wp-image-296\" srcset=\"https:\/\/elsotanoanalogico.com\/wp-content\/uploads\/2022\/01\/Cartel-Rewind-This-819x1024.jpg 819w, https:\/\/elsotanoanalogico.com\/wp-content\/uploads\/2022\/01\/Cartel-Rewind-This-240x300.jpg 240w, https:\/\/elsotanoanalogico.com\/wp-content\/uploads\/2022\/01\/Cartel-Rewind-This-768x960.jpg 768w, https:\/\/elsotanoanalogico.com\/wp-content\/uploads\/2022\/01\/Cartel-Rewind-This-600x750.jpg 600w, https:\/\/elsotanoanalogico.com\/wp-content\/uploads\/2022\/01\/Cartel-Rewind-This.jpg 1080w\" sizes=\"auto, (max-width: 819px) 100vw, 819px\" \/><figcaption>Proyecci\u00f3n del documental Rewind This! en El S\u00f3tano Anal\u00f3gico <\/figcaption><\/figure>\n\n\n\n<p>S\u00e1bado 29 de enero.<br>Apertura a las 19:30h, proyecci\u00f3n a las 20:00h.<br>Entrada gratuita sin reservas.<br>Hasta completar aforo.<\/p>\n\n\n\n<p><br>Tom\u00e1s Morales 16, S\u00f3tano Izquierdo. Las Palmas de GC, 35003.<br><\/p>\n","protected":false},"excerpt":{"rendered":"<p>Proyecci\u00f3n del documental sobre la historia del VHS y c\u00f3mo este equipo dom\u00e9stico termin\u00f3 cambiando la industria del cine. S\u00e1bado 29 de enero.Apertura a las 19:30h, proyecci\u00f3n a las 20:00h.Entrada [&hellip;]<\/p>\n","protected":false},"author":2,"featured_media":0,"comment_status":"closed","ping_status":"closed","sticky":false,"template":"","format":"standard","meta":{"footnotes":""},"categories":[2,13],"tags":[],"class_list":["post-295","post","type-post","status-publish","format-standard","hentry","category-eventos","category-proyecciones"],"_links":{"self":[{"href":"https:\/\/elsotanoanalogico.com\/index.php\/wp-json\/wp\/v2\/posts\/295","targetHints":{"allow":["GET"]}}],"collection":[{"href":"https:\/\/elsotanoanalogico.com\/index.php\/wp-json\/wp\/v2\/posts"}],"about":[{"href":"https:\/\/elsotanoanalogico.com\/index.php\/wp-json\/wp\/v2\/types\/post"}],"author":[{"embeddable":true,"href":"https:\/\/elsotanoanalogico.com\/index.php\/wp-json\/wp\/v2\/users\/2"}],"replies":[{"embeddable":true,"href":"https:\/\/elsotanoanalogico.com\/index.php\/wp-json\/wp\/v2\/comments?post=295"}],"version-history":[{"count":1,"href":"https:\/\/elsotanoanalogico.com\/index.php\/wp-json\/wp\/v2\/posts\/295\/revisions"}],"predecessor-version":[{"id":297,"href":"https:\/\/elsotanoanalogico.com\/index.php\/wp-json\/wp\/v2\/posts\/295\/revisions\/297"}],"wp:attachment":[{"href":"https:\/\/elsotanoanalogico.com\/index.php\/wp-json\/wp\/v2\/media?parent=295"}],"wp:term":[{"taxonomy":"category","embeddable":true,"href":"https:\/\/elsotanoanalogico.com\/index.php\/wp-json\/wp\/v2\/categories?post=295"},{"taxonomy":"post_tag","embeddable":true,"href":"https:\/\/elsotanoanalogico.com\/index.php\/wp-json\/wp\/v2\/tags?post=295"}],"curies":[{"name":"wp","href":"https:\/\/api.w.org\/{rel}","templated":true}]}}