{"id":301,"date":"2022-01-31T11:03:35","date_gmt":"2022-01-31T11:03:35","guid":{"rendered":"https:\/\/elsotanoanalogico.com\/?p=301"},"modified":"2022-01-31T11:03:35","modified_gmt":"2022-01-31T11:03:35","slug":"this-kingdom","status":"publish","type":"post","link":"https:\/\/elsotanoanalogico.com\/index.php\/2022\/01\/31\/this-kingdom\/","title":{"rendered":"This Kingdom"},"content":{"rendered":"\n<p>Concierto del grupo This Kingdom en ac\u00fastico. Esta banda de rock estar\u00e1 el s\u00e1bado 5 de febrero en El S\u00f3tano Anal\u00f3gico en formato tr\u00edo. Entradas por venta anticipada (info en el cartel). <\/p>\n\n\n\n<figure class=\"wp-block-image size-full\"><img loading=\"lazy\" decoding=\"async\" width=\"828\" height=\"629\" src=\"https:\/\/elsotanoanalogico.com\/wp-content\/uploads\/2022\/01\/Cartel-This-Kingdom-2022.jpeg\" alt=\"\" class=\"wp-image-302\" srcset=\"https:\/\/elsotanoanalogico.com\/wp-content\/uploads\/2022\/01\/Cartel-This-Kingdom-2022.jpeg 828w, https:\/\/elsotanoanalogico.com\/wp-content\/uploads\/2022\/01\/Cartel-This-Kingdom-2022-300x228.jpeg 300w, https:\/\/elsotanoanalogico.com\/wp-content\/uploads\/2022\/01\/Cartel-This-Kingdom-2022-768x583.jpeg 768w, https:\/\/elsotanoanalogico.com\/wp-content\/uploads\/2022\/01\/Cartel-This-Kingdom-2022-600x456.jpeg 600w\" sizes=\"auto, (max-width: 828px) 100vw, 828px\" \/><figcaption>Cartel de This Kingdom el s\u00e1bado 5 de febrero de 2022 <\/figcaption><\/figure>\n\n\n\n<p>Aforo muy limitado, 7\u20ac con consumici\u00f3n o 10\u20ac con consumici\u00f3n y CD. Apertura 19:30, concierto a las 20:00h.<\/p>\n","protected":false},"excerpt":{"rendered":"<p>Concierto del grupo This Kingdom en ac\u00fastico. Esta banda de rock estar\u00e1 el s\u00e1bado 5 de febrero en El S\u00f3tano Anal\u00f3gico en formato tr\u00edo. Entradas por venta anticipada (info en [&hellip;]<\/p>\n","protected":false},"author":2,"featured_media":0,"comment_status":"closed","ping_status":"closed","sticky":false,"template":"","format":"standard","meta":{"footnotes":""},"categories":[12,2],"tags":[],"class_list":["post-301","post","type-post","status-publish","format-standard","hentry","category-conciertos","category-eventos"],"_links":{"self":[{"href":"https:\/\/elsotanoanalogico.com\/index.php\/wp-json\/wp\/v2\/posts\/301","targetHints":{"allow":["GET"]}}],"collection":[{"href":"https:\/\/elsotanoanalogico.com\/index.php\/wp-json\/wp\/v2\/posts"}],"about":[{"href":"https:\/\/elsotanoanalogico.com\/index.php\/wp-json\/wp\/v2\/types\/post"}],"author":[{"embeddable":true,"href":"https:\/\/elsotanoanalogico.com\/index.php\/wp-json\/wp\/v2\/users\/2"}],"replies":[{"embeddable":true,"href":"https:\/\/elsotanoanalogico.com\/index.php\/wp-json\/wp\/v2\/comments?post=301"}],"version-history":[{"count":1,"href":"https:\/\/elsotanoanalogico.com\/index.php\/wp-json\/wp\/v2\/posts\/301\/revisions"}],"predecessor-version":[{"id":303,"href":"https:\/\/elsotanoanalogico.com\/index.php\/wp-json\/wp\/v2\/posts\/301\/revisions\/303"}],"wp:attachment":[{"href":"https:\/\/elsotanoanalogico.com\/index.php\/wp-json\/wp\/v2\/media?parent=301"}],"wp:term":[{"taxonomy":"category","embeddable":true,"href":"https:\/\/elsotanoanalogico.com\/index.php\/wp-json\/wp\/v2\/categories?post=301"},{"taxonomy":"post_tag","embeddable":true,"href":"https:\/\/elsotanoanalogico.com\/index.php\/wp-json\/wp\/v2\/tags?post=301"}],"curies":[{"name":"wp","href":"https:\/\/api.w.org\/{rel}","templated":true}]}}