{"id":307,"date":"2022-02-06T13:21:12","date_gmt":"2022-02-06T13:21:12","guid":{"rendered":"https:\/\/elsotanoanalogico.com\/?p=307"},"modified":"2022-02-06T13:23:52","modified_gmt":"2022-02-06T13:23:52","slug":"dacil-santana","status":"publish","type":"post","link":"https:\/\/elsotanoanalogico.com\/index.php\/2022\/02\/06\/dacil-santana\/","title":{"rendered":"D\u00e1cil Santana"},"content":{"rendered":"\n<p>La cantante y compositora D\u00e1cil Santana&nbsp;<a rel=\"noreferrer noopener\" href=\"https:\/\/www.instagram.com\/dacil_santana_\/\" target=\"_blank\">@dacil_santana_<\/a>&nbsp;estar\u00e1 de gira entre Madrid y Gran Canaria y tenemos la suerte de contar con ella en 2 pases consecutivos. El primero a las 19:00h (ya agotado), el segundo a las 20:30h. Entradas en <a rel=\"noreferrer noopener\" href=\"https:\/\/entradium.com\/events\/dacil-santana-en-el-sotano-analogico-las-palmas-g-c\/sessions\/19-02-2022-20-30-el-sotano-analogico\" target=\"_blank\">entradium.com<\/a> incluye consumici\u00f3n.<\/p>\n\n\n\n<figure class=\"wp-block-image size-large is-style-default\"><img loading=\"lazy\" decoding=\"async\" width=\"724\" height=\"1024\" src=\"https:\/\/elsotanoanalogico.com\/wp-content\/uploads\/2022\/02\/dacil_santana_sotano_analogico_feb_2022-724x1024.jpeg\" alt=\"\" class=\"wp-image-309\" srcset=\"https:\/\/elsotanoanalogico.com\/wp-content\/uploads\/2022\/02\/dacil_santana_sotano_analogico_feb_2022-724x1024.jpeg 724w, https:\/\/elsotanoanalogico.com\/wp-content\/uploads\/2022\/02\/dacil_santana_sotano_analogico_feb_2022-212x300.jpeg 212w, https:\/\/elsotanoanalogico.com\/wp-content\/uploads\/2022\/02\/dacil_santana_sotano_analogico_feb_2022-768x1086.jpeg 768w, https:\/\/elsotanoanalogico.com\/wp-content\/uploads\/2022\/02\/dacil_santana_sotano_analogico_feb_2022-1086x1536.jpeg 1086w, https:\/\/elsotanoanalogico.com\/wp-content\/uploads\/2022\/02\/dacil_santana_sotano_analogico_feb_2022-600x849.jpeg 600w, https:\/\/elsotanoanalogico.com\/wp-content\/uploads\/2022\/02\/dacil_santana_sotano_analogico_feb_2022.jpeg 1131w\" sizes=\"auto, (max-width: 724px) 100vw, 724px\" \/><figcaption>D\u00e1cil Santana en un doble pase en El S\u00f3tano Anal\u00f3gico<\/figcaption><\/figure>\n\n\n\n<p>D\u00e1cil Santana, cantante y compositora.&nbsp;Ha sido cuatro veces N\u00ba1 en la lista de los 40 Principales en Canarias. Cuenta con 3 EP&#8217;s, en 2015 publica \u201cAbril\u201d, en 2017 \u201cDesaprender\u201d y en 2021 \u00abTanta Vida\u00bb. Su dedicaci\u00f3n le ha llevado a compartir el escenario con: Pedro Guerra, Andr\u00e9s Su\u00e1rez, Marwan, Funambulista, entre otros. Compositora de artistas nacionales e internacionales.<\/p>\n","protected":false},"excerpt":{"rendered":"<p>La cantante y compositora D\u00e1cil Santana&nbsp;@dacil_santana_&nbsp;estar\u00e1 de gira entre Madrid y Gran Canaria y tenemos la suerte de contar con ella en 2 pases consecutivos. El primero a las 19:00h [&hellip;]<\/p>\n","protected":false},"author":2,"featured_media":0,"comment_status":"closed","ping_status":"closed","sticky":false,"template":"","format":"standard","meta":{"footnotes":""},"categories":[12,2],"tags":[],"class_list":["post-307","post","type-post","status-publish","format-standard","hentry","category-conciertos","category-eventos"],"_links":{"self":[{"href":"https:\/\/elsotanoanalogico.com\/index.php\/wp-json\/wp\/v2\/posts\/307","targetHints":{"allow":["GET"]}}],"collection":[{"href":"https:\/\/elsotanoanalogico.com\/index.php\/wp-json\/wp\/v2\/posts"}],"about":[{"href":"https:\/\/elsotanoanalogico.com\/index.php\/wp-json\/wp\/v2\/types\/post"}],"author":[{"embeddable":true,"href":"https:\/\/elsotanoanalogico.com\/index.php\/wp-json\/wp\/v2\/users\/2"}],"replies":[{"embeddable":true,"href":"https:\/\/elsotanoanalogico.com\/index.php\/wp-json\/wp\/v2\/comments?post=307"}],"version-history":[{"count":2,"href":"https:\/\/elsotanoanalogico.com\/index.php\/wp-json\/wp\/v2\/posts\/307\/revisions"}],"predecessor-version":[{"id":311,"href":"https:\/\/elsotanoanalogico.com\/index.php\/wp-json\/wp\/v2\/posts\/307\/revisions\/311"}],"wp:attachment":[{"href":"https:\/\/elsotanoanalogico.com\/index.php\/wp-json\/wp\/v2\/media?parent=307"}],"wp:term":[{"taxonomy":"category","embeddable":true,"href":"https:\/\/elsotanoanalogico.com\/index.php\/wp-json\/wp\/v2\/categories?post=307"},{"taxonomy":"post_tag","embeddable":true,"href":"https:\/\/elsotanoanalogico.com\/index.php\/wp-json\/wp\/v2\/tags?post=307"}],"curies":[{"name":"wp","href":"https:\/\/api.w.org\/{rel}","templated":true}]}}