{"id":341,"date":"2022-03-07T13:54:20","date_gmt":"2022-03-07T13:54:20","guid":{"rendered":"https:\/\/elsotanoanalogico.com\/?p=341"},"modified":"2022-03-07T13:55:51","modified_gmt":"2022-03-07T13:55:51","slug":"fanzine-no-3","status":"publish","type":"post","link":"https:\/\/elsotanoanalogico.com\/index.php\/2022\/03\/07\/fanzine-no-3\/","title":{"rendered":"Fanzine N\u00ba 3"},"content":{"rendered":"\n<p>Ya tenemos fanzine bimensual #3. N\u00famero de marzo, ya disponible en nuestro local y locales asociados.<\/p>\n\n\n\n<figure class=\"wp-block-image size-large is-style-default\"><img loading=\"lazy\" decoding=\"async\" width=\"819\" height=\"1024\" src=\"https:\/\/elsotanoanalogico.com\/wp-content\/uploads\/2022\/03\/1D576F72-D8F1-4BE6-B56B-2267A96C8538-819x1024.jpg\" alt=\"\" class=\"wp-image-342\" srcset=\"https:\/\/elsotanoanalogico.com\/wp-content\/uploads\/2022\/03\/1D576F72-D8F1-4BE6-B56B-2267A96C8538-819x1024.jpg 819w, https:\/\/elsotanoanalogico.com\/wp-content\/uploads\/2022\/03\/1D576F72-D8F1-4BE6-B56B-2267A96C8538-240x300.jpg 240w, https:\/\/elsotanoanalogico.com\/wp-content\/uploads\/2022\/03\/1D576F72-D8F1-4BE6-B56B-2267A96C8538-768x960.jpg 768w, https:\/\/elsotanoanalogico.com\/wp-content\/uploads\/2022\/03\/1D576F72-D8F1-4BE6-B56B-2267A96C8538-1229x1536.jpg 1229w, https:\/\/elsotanoanalogico.com\/wp-content\/uploads\/2022\/03\/1D576F72-D8F1-4BE6-B56B-2267A96C8538-1200x1500.jpg 1200w, https:\/\/elsotanoanalogico.com\/wp-content\/uploads\/2022\/03\/1D576F72-D8F1-4BE6-B56B-2267A96C8538-600x750.jpg 600w, https:\/\/elsotanoanalogico.com\/wp-content\/uploads\/2022\/03\/1D576F72-D8F1-4BE6-B56B-2267A96C8538.jpg 1440w\" sizes=\"auto, (max-width: 819px) 100vw, 819px\" \/><figcaption>Portada del Fanzine El S\u00f3tano Anal\u00f3gico, N\u00famero 3.<\/figcaption><\/figure>\n\n\n\n<p><strong>Colaboran en este n\u00famero:<\/strong> Oliver Behrmann, Alexis Cabrera, Carlos Pe\u00f1ate, Javi Resonance, Yeray Navarro, David Ramos, Carlos Garc\u00eda, Eva Sicilia, Juli\u00e1n A.G.<\/p>\n","protected":false},"excerpt":{"rendered":"<p>Ya tenemos fanzine bimensual #3. N\u00famero de marzo, ya disponible en nuestro local y locales asociados. Colaboran en este n\u00famero: Oliver Behrmann, Alexis Cabrera, Carlos Pe\u00f1ate, Javi Resonance, Yeray Navarro, [&hellip;]<\/p>\n","protected":false},"author":2,"featured_media":0,"comment_status":"closed","ping_status":"closed","sticky":false,"template":"","format":"standard","meta":{"footnotes":""},"categories":[1,50],"tags":[],"class_list":["post-341","post","type-post","status-publish","format-standard","hentry","category-general","category-presentacion-eventos"],"_links":{"self":[{"href":"https:\/\/elsotanoanalogico.com\/index.php\/wp-json\/wp\/v2\/posts\/341","targetHints":{"allow":["GET"]}}],"collection":[{"href":"https:\/\/elsotanoanalogico.com\/index.php\/wp-json\/wp\/v2\/posts"}],"about":[{"href":"https:\/\/elsotanoanalogico.com\/index.php\/wp-json\/wp\/v2\/types\/post"}],"author":[{"embeddable":true,"href":"https:\/\/elsotanoanalogico.com\/index.php\/wp-json\/wp\/v2\/users\/2"}],"replies":[{"embeddable":true,"href":"https:\/\/elsotanoanalogico.com\/index.php\/wp-json\/wp\/v2\/comments?post=341"}],"version-history":[{"count":3,"href":"https:\/\/elsotanoanalogico.com\/index.php\/wp-json\/wp\/v2\/posts\/341\/revisions"}],"predecessor-version":[{"id":345,"href":"https:\/\/elsotanoanalogico.com\/index.php\/wp-json\/wp\/v2\/posts\/341\/revisions\/345"}],"wp:attachment":[{"href":"https:\/\/elsotanoanalogico.com\/index.php\/wp-json\/wp\/v2\/media?parent=341"}],"wp:term":[{"taxonomy":"category","embeddable":true,"href":"https:\/\/elsotanoanalogico.com\/index.php\/wp-json\/wp\/v2\/categories?post=341"},{"taxonomy":"post_tag","embeddable":true,"href":"https:\/\/elsotanoanalogico.com\/index.php\/wp-json\/wp\/v2\/tags?post=341"}],"curies":[{"name":"wp","href":"https:\/\/api.w.org\/{rel}","templated":true}]}}